{"id":12189,"date":"2025-03-26T13:04:30","date_gmt":"2025-03-26T12:04:30","guid":{"rendered":"https:\/\/pasaenmendoza.com\/?p=12189"},"modified":"2025-03-26T13:04:31","modified_gmt":"2025-03-26T12:04:31","slug":"el-tiempo-en-mendoza-manana-fresca-pero-luego-asciende-la-temperatura","status":"publish","type":"post","link":"https:\/\/pasaenmendoza.com\/?p=12189","title":{"rendered":"El tiempo en Mendoza: ma\u00f1ana fresca, pero luego asciende la temperatura"},"content":{"rendered":"\n<p>El&nbsp;<strong>mi\u00e9rcoles<\/strong>&nbsp;arranca con cielo parcialmente nublado, con ascenso de la temperatura, vientos moderados del noreste. Mejoran las condiciones meteorol\u00f3gicas a partir de la tarde.&nbsp;<strong>La m\u00ednima ser\u00e1 de 9 grados y la m\u00e1xima de 25.<\/strong><\/p>\n\n\n\n<p>Para el<strong>&nbsp;jueves<\/strong>, la Direcci\u00f3n de Contingencias Clim\u00e1ticas indica: \u201cNubosidad variable con ascenso de la temperatura, vientos moderados del noreste\u201d.&nbsp;<strong>La m\u00ednima ser\u00e1 de 13 grados y la m\u00e1xima de 27.<\/strong><\/p>\n\n\n\n<p>El\u00a0<strong>viernes<\/strong>\u00a0estar\u00e1 con nubosidad variable, con poco cambio de la temperatura, vientos moderados del noreste.\u00a0<strong>La m\u00ednima ser\u00e1 de 14 grados y la m\u00e1xima de 27.<\/strong><\/p>\n\n\n\n<p>En tanto, la tendencia para el\u00a0<strong>fin de semana<\/strong>\u00a0ser\u00e1 de buen tiempo, en general, con ascenso de la temperatura.<strong>\u00a0Las m\u00e1ximas rondar\u00e1n entre los 30 y 31 grados.<\/strong><\/p>\n\n\n\n<p><strong>Fuente: www.elsol.com.ar<\/strong><\/p>\n","protected":false},"excerpt":{"rendered":"<p>El&nbsp;mi\u00e9rcoles&nbsp;arranca con cielo parcialmente nublado, con ascenso de la temperatura, vientos moderados del noreste. Mejoran las condiciones meteorol\u00f3gicas a partir de la tarde.&nbsp;La m\u00ednima ser\u00e1 de 9 grados y la m\u00e1xima de 25. Para el&nbsp;jueves, la Direcci\u00f3n de Contingencias Clim\u00e1ticas indica: \u201cNubosidad variable con ascenso de la temperatura, vientos moderados del noreste\u201d.&nbsp;La m\u00ednima ser\u00e1 de [&hellip;]<\/p>\n","protected":false},"author":2,"featured_media":12190,"comment_status":"open","ping_status":"open","sticky":false,"template":"","format":"standard","meta":[],"categories":[52],"tags":[],"_links":{"self":[{"href":"https:\/\/pasaenmendoza.com\/index.php?rest_route=\/wp\/v2\/posts\/12189"}],"collection":[{"href":"https:\/\/pasaenmendoza.com\/index.php?rest_route=\/wp\/v2\/posts"}],"about":[{"href":"https:\/\/pasaenmendoza.com\/index.php?rest_route=\/wp\/v2\/types\/post"}],"author":[{"embeddable":true,"href":"https:\/\/pasaenmendoza.com\/index.php?rest_route=\/wp\/v2\/users\/2"}],"replies":[{"embeddable":true,"href":"https:\/\/pasaenmendoza.com\/index.php?rest_route=%2Fwp%2Fv2%2Fcomments&post=12189"}],"version-history":[{"count":1,"href":"https:\/\/pasaenmendoza.com\/index.php?rest_route=\/wp\/v2\/posts\/12189\/revisions"}],"predecessor-version":[{"id":12191,"href":"https:\/\/pasaenmendoza.com\/index.php?rest_route=\/wp\/v2\/posts\/12189\/revisions\/12191"}],"wp:featuredmedia":[{"embeddable":true,"href":"https:\/\/pasaenmendoza.com\/index.php?rest_route=\/wp\/v2\/media\/12190"}],"wp:attachment":[{"href":"https:\/\/pasaenmendoza.com\/index.php?rest_route=%2Fwp%2Fv2%2Fmedia&parent=12189"}],"wp:term":[{"taxonomy":"category","embeddable":true,"href":"https:\/\/pasaenmendoza.com\/index.php?rest_route=%2Fwp%2Fv2%2Fcategories&post=12189"},{"taxonomy":"post_tag","embeddable":true,"href":"https:\/\/pasaenmendoza.com\/index.php?rest_route=%2Fwp%2Fv2%2Ftags&post=12189"}],"curies":[{"name":"wp","href":"https:\/\/api.w.org\/{rel}","templated":true}]}}