{"id":12198,"date":"2025-03-26T14:28:52","date_gmt":"2025-03-26T13:28:52","guid":{"rendered":"https:\/\/pasaenmendoza.com\/?p=12198"},"modified":"2025-03-26T14:28:53","modified_gmt":"2025-03-26T13:28:53","slug":"otro-reves-para-orozco-un-tribunal-rechazo-el-sobreseimiento","status":"publish","type":"post","link":"https:\/\/pasaenmendoza.com\/?p=12198","title":{"rendered":"Otro rev\u00e9s para Orozco: un Tribunal rechaz\u00f3 el sobreseimiento"},"content":{"rendered":"\n<p>Este martes, un\u00a0<strong>Tribunal Penal Colegiado rechaz\u00f3 el pedido de sobreseimiento y un recurso de nulidad<\/strong>\u00a0presentado por la defensa del exintendente de Las Heras y excandidato a vicegobernador de La Uni\u00f3n Mendocina,\u00a0<strong>Daniel Orozco<\/strong>, quedando firme su\u00a0<strong>imputaci\u00f3n<\/strong>\u00a0por peculado en la causa &#8220;<strong>cooperativa fantasma<\/strong>&#8220;.<\/p>\n\n\n\n<p>El tribunal, integrado por los jueces\u00a0<strong>Claudia Vallejo, Marcelo Guti\u00e9rrez del Barrio y Agust\u00edn Chac\u00f3n<\/strong>, ratific\u00f3 la decisi\u00f3n que hab\u00eda tomado en una instancia previa la jueza de Garant\u00edas\u00a0<strong>Dolores Ram\u00f3n<\/strong>, quien\u00a0<strong>ya hab\u00eda rechazado el sobreseimiento y la nulidad de la imputaci\u00f3n<\/strong>\u00a0que hab\u00eda determinado el fiscal de instrucci\u00f3n Juan Ticheli.<\/p>\n\n\n\n<p>Estos recursos, finalmente rechazados por dos instancias, fueron la primera medida que tom\u00f3 el medi\u00e1tico&nbsp;<strong>Fernando Burlando<\/strong>&nbsp;como abogado de Orozco, ni bien obtuvo la matr\u00edcula mendocina, sugiriendo en ese momento que la situaci\u00f3n de su cliente se resolver\u00eda r\u00e1pidamente a su favor, lo que finalmente no sucedi\u00f3.&nbsp;<strong>Ayer no estuvo presente en la audiencia.<\/strong><\/p>\n\n\n\n<p>B\u00e1sicamente, los jueces del tribunal de apelaci\u00f3n consideraron que\u00a0<strong>el pedido de nulidad presentado por Burlando era inapropiado procesalmente<\/strong>\u00a0y que hab\u00eda\u00a0<strong>m\u00e9ritos suficientes para la imputaci\u00f3n<\/strong>. De todos modos, tal como hiciera en su momento Janina Ortiz, la defensa puede seguir el reclamo en la Suprema Corte.<\/p>\n\n\n\n<p>Entre otros, en la causa &#8220;<strong>cooperativa fantasma<\/strong>&#8221; est\u00e1n imputados\u00a0<strong>Orozco<\/strong>\u00a0y su esposa, la exsecretaria de Gobierno de Las Heras,\u00a0\u00a0<strong>Janina Ortiz<\/strong>, tambi\u00e9n acusado por\u00a0amenazas coactivas en otra causa en la que ya existe el pedido de elevaci\u00f3n a juicio.<\/p>\n\n\n\n<p><strong>La causa &#8220;cooperativa fantasma&#8221;<\/strong><\/p>\n\n\n\n<p>Esta causa judicial se nutri\u00f3 de una investigaci\u00f3n del\u00a0<em>Post<\/em> sobre c\u00f3mo la Municipalidad de Las Heras, bajo la gesti\u00f3n de Orozco y Ortiz, us\u00f3 cooperativas que no registraban movimientos para contratar servicio de limpieza durante la pandemia (y despu\u00e9s tambi\u00e9n), por el que pagaban suculentas sumas de dinero sin que exista una contraprestaci\u00f3n.<\/p>\n\n\n\n<p>La Fiscal\u00eda de Delitos Econ\u00f3micos centr\u00f3 la causa judicial s\u00f3lo en una de esas cooperativas mencionadas en el informe del\u00a0<em>Post<\/em>:\u00a0<strong>&#8220;Manos a la Obra&#8221;<\/strong>. Durante la investigaci\u00f3n, se detect\u00f3 que a trav\u00e9s de dos contrataciones directas y dos licitaciones le hab\u00edan transferido de manera irregular cerca de $40 millones (al tipo de cambio de ese momento equivaldr\u00eda a\u00a0<strong>200.000 d\u00f3lares<\/strong>), con la participaci\u00f3n de tres actores clave:\u00a0<strong>Orozco<\/strong>,\u00a0<strong>Ortiz<\/strong>\u00a0y\u00a0<strong>Osvaldo Oyhenart<\/strong>, ex subsecretario de Pol\u00edticas Sociales.<\/p>\n\n\n\n<p><strong>Orozco, Ortiz y Oyhenart&nbsp;<\/strong>fueron imputados por &#8220;<strong>peculado en cuatro hechos en concurso real<\/strong>&#8220;, por las 2 licitaciones y 2 contrataciones directas adjudicadas a la cooperativa &#8220;Manos a la Obra&#8221;, expedientes que la exsecretaria de Gobierno neg\u00f3 haber firmado, lo que fue derrumbado por las pericias caligr\u00e1ficas.<\/p>\n\n\n\n<p>En la misma causa, fueron imputados por &#8220;part\u00edcipes necesarios&#8221; el yerno de Oyhenart,&nbsp;<strong>Juan Pablo Pandolfi<\/strong>; el dirigente del PRO y exfuncionario municipal&nbsp;<strong>Mat\u00edas Mostaccio<\/strong>, el ex subcontador&nbsp;<strong>Daniel Herrera<\/strong>; y el presidente de la cooperativa fantasma y puntero pol\u00edtico,&nbsp;<strong>Adri\u00e1n &#8220;Moco&#8221; P\u00e9rez<\/strong>.<\/p>\n\n\n\n<p><strong>Pandolfi<\/strong>\u00a0y\u00a0<strong>Mostaccio<\/strong>\u00a0habr\u00edan sido los encargados de regularizar o &#8220;blanquear&#8221; la cooperativa Manos a la Obra ante ATM, INAES, AFIP y otros organismos del Estado por orden de Orozco.\u00a0<strong>Herrera<\/strong>\u00a0habr\u00eda gestionado la cuenta bancaria de la cooperativa en Supervielle. Y\u00a0<strong>P\u00e9rez<\/strong>, adem\u00e1s de figurar como presidente de la entidad, habr\u00eda sido uno de los que falsific\u00f3 las planillas de cumplimiento de los servicios.<\/p>\n\n\n\n<p>A otros exfuncionarios de Orozco se los imput\u00f3 por &#8220;peculado culposo&#8221;: esto cabe para\u00a0<strong>Mauricio Valle<\/strong>, exdirector de Suministros;\u00a0<strong>Carlos Nofal<\/strong>, exsecretario de Hacienda;\u00a0<strong>Mauro Homan<\/strong>, a\u00fan secretario Legal y T\u00e9cnico de la comuna;\u00a0<strong>Leandro Tassi<\/strong>, de Contadur\u00eda, al igual que\u00a0<strong>Javier Tol\u00edn<\/strong>; y\u00a0<strong>Patricia D\u00edaz<\/strong>, exdirectora de Tesorer\u00eda.<\/p>\n\n\n\n<p><strong>Fuente: www.mendozapost.com<\/strong><\/p>\n","protected":false},"excerpt":{"rendered":"<p>Este martes, un\u00a0Tribunal Penal Colegiado rechaz\u00f3 el pedido de sobreseimiento y un recurso de nulidad\u00a0presentado por la defensa del exintendente de Las Heras y excandidato a vicegobernador de La Uni\u00f3n Mendocina,\u00a0Daniel Orozco, quedando firme su\u00a0imputaci\u00f3n\u00a0por peculado en la causa &#8220;cooperativa fantasma&#8220;. El tribunal, integrado por los jueces\u00a0Claudia Vallejo, Marcelo Guti\u00e9rrez del Barrio y Agust\u00edn Chac\u00f3n, [&hellip;]<\/p>\n","protected":false},"author":2,"featured_media":12199,"comment_status":"open","ping_status":"open","sticky":false,"template":"","format":"standard","meta":[],"categories":[47],"tags":[],"_links":{"self":[{"href":"https:\/\/pasaenmendoza.com\/index.php?rest_route=\/wp\/v2\/posts\/12198"}],"collection":[{"href":"https:\/\/pasaenmendoza.com\/index.php?rest_route=\/wp\/v2\/posts"}],"about":[{"href":"https:\/\/pasaenmendoza.com\/index.php?rest_route=\/wp\/v2\/types\/post"}],"author":[{"embeddable":true,"href":"https:\/\/pasaenmendoza.com\/index.php?rest_route=\/wp\/v2\/users\/2"}],"replies":[{"embeddable":true,"href":"https:\/\/pasaenmendoza.com\/index.php?rest_route=%2Fwp%2Fv2%2Fcomments&post=12198"}],"version-history":[{"count":1,"href":"https:\/\/pasaenmendoza.com\/index.php?rest_route=\/wp\/v2\/posts\/12198\/revisions"}],"predecessor-version":[{"id":12200,"href":"https:\/\/pasaenmendoza.com\/index.php?rest_route=\/wp\/v2\/posts\/12198\/revisions\/12200"}],"wp:featuredmedia":[{"embeddable":true,"href":"https:\/\/pasaenmendoza.com\/index.php?rest_route=\/wp\/v2\/media\/12199"}],"wp:attachment":[{"href":"https:\/\/pasaenmendoza.com\/index.php?rest_route=%2Fwp%2Fv2%2Fmedia&parent=12198"}],"wp:term":[{"taxonomy":"category","embeddable":true,"href":"https:\/\/pasaenmendoza.com\/index.php?rest_route=%2Fwp%2Fv2%2Fcategories&post=12198"},{"taxonomy":"post_tag","embeddable":true,"href":"https:\/\/pasaenmendoza.com\/index.php?rest_route=%2Fwp%2Fv2%2Ftags&post=12198"}],"curies":[{"name":"wp","href":"https:\/\/api.w.org\/{rel}","templated":true}]}}