{"id":12202,"date":"2025-03-27T00:58:42","date_gmt":"2025-03-26T23:58:42","guid":{"rendered":"https:\/\/pasaenmendoza.com\/?p=12202"},"modified":"2025-03-27T00:58:43","modified_gmt":"2025-03-26T23:58:43","slug":"como-combatir-el-cancer-de-cuello-de-utero-rodolfo-montero-anuncio-la-financiacion-de-30-000-pruebas-anuales","status":"publish","type":"post","link":"https:\/\/pasaenmendoza.com\/?p=12202","title":{"rendered":"C\u00f3mo combatir el c\u00e1ncer de cuello de \u00fatero: Rodolfo Montero anunci\u00f3 la financiaci\u00f3n de 30.000 pruebas anuales"},"content":{"rendered":"\n<p>El ministro de Salud,\u00a0<strong>Rodolfo Montero,<\/strong>\u00a0anunci\u00f3 este mi\u00e9rcoles una campa\u00f1a masiva de prevenci\u00f3n de<strong>\u00a0c\u00e1ncer de cuello de utero,<\/strong>\u00a0&#8220;la m\u00e1s ambiciosa del pa\u00eds en muchos a\u00f1os&#8221;. En este contexto, el Gobierno provincial financiar\u00e1 30 mil pruebas por a\u00f1o durante 3 a\u00f1os para la detecci\u00f3n del VPH.<\/p>\n\n\n\n<p>La novedad la dio a conocer a trav\u00e9s de las redes sociales en el D\u00eda de Mundial de C\u00e1ncer de Cuello Uterino, el cual es prevenible y curable pero si se detecta a tiempo.<\/p>\n\n\n\n<p>En Argentina aparecen aproximadamente 5.000 casos nuevos por a\u00f1o de c\u00e1ncer de cuello uterino, por el cual fallecen unas 2.500 mujeres. Mientras, en\u00a0<strong>Mendoza\u00a0<\/strong>surgen alrededor de<strong>\u00a0250 casos nuevos<\/strong>\u00a0que derivan en\u00a0<strong>60 muertes<\/strong>\u00a0anuales.<\/p>\n\n\n\n<p>Para llevar adelante esta campa\u00f1a, en todos los centros de salud habr\u00e1 asesoramiento profesional, &#8220;porque esto no se hace con slogans sino con equipos fuertes y un plan realista&#8221;, expres\u00f3 el funcionario de la cartera sanitaria.<\/p>\n\n\n\n<h2 class=\"wp-block-heading\">Jornadas de prevenci\u00f3n del c\u00e1ncer de cuello uterino<\/h2>\n\n\n\n<p>El Ministerio de Salud y Deportes, a trav\u00e9s del hospital Diego Paroissien, realiz\u00f3 este mi\u00e9rcoles una jornada de estrategias en&nbsp;<strong>prevenci\u00f3n del c\u00e1ncer de cuello uterino<\/strong>.<\/p>\n\n\n\n<p>Esta enfermedad es causada por algunos subtipos del&nbsp;<strong>virus del papiloma humano (VPH)<\/strong>. Una forma bien probada de prevenirlo es realiz\u00e1ndose pruebas para detectar un prec\u00e1ncer antes de que se convierta en un c\u00e1ncer invasivo. De este modo se puede tratar y detener previo a comenzar.<\/p>\n\n\n\n<p>Es un problema que afecta a millones de mujeres en todo el mundo. Es el&nbsp;<strong>tercer tipo de c\u00e1ncer m\u00e1s frecuente&nbsp;<\/strong>y se da con mayor incidencia en los pa\u00edses que tienen menos desarrollo socioecon\u00f3mico.<\/p>\n\n\n\n<p>En Argentina, las provincias centrales son las que menos lo padecen y en primer lugar est\u00e1 Mendoza, con una\u00a0<strong>tasa baja de mortalidad.<\/strong>\u00a0\u201cLo \u00f3ptimo ser\u00eda tres veces menos. El nivel socioecon\u00f3mico tambi\u00e9n se replica a nivel provincial. Quienes menos acceden al sistema de salud p\u00fablica son las que tienen mayor mortalidad de c\u00e1ncer de \u00fatero\u201d, sostuvo Santiago Orrico, jefe del Programa Provincial de Detecci\u00f3n Precoz de C\u00e1ncer de Mama y Cuello Uterino.<\/p>\n\n\n\n<h2 class=\"wp-block-heading\">Rodolfo Montero resalt\u00f3 el rol clave tanto del sector p\u00fablico como del privado<\/h2>\n\n\n\n<p>El ministro de Salud y Deportes,&nbsp;<strong>Rodolfo Montero<\/strong>, destac\u00f3 la implementaci\u00f3n de un plan para realizar&nbsp;<strong>30.000 pruebas de detecci\u00f3n del VPH por a\u00f1o<\/strong>, durante tres a\u00f1os. &#8220;A la campa\u00f1a \u2018Hemos puesto a erradicar\u2019 la realizaremos con el importante apoyo de Fundavita y busca crear la eliminaci\u00f3n de este tipo de c\u00e1ncer. Reconocemos que es una utop\u00eda asegurar que terminaremos con esta enfermedad por completo en un corto plazo, pero s\u00ed es un objetivo a alcanzar. Nuestro enfoque es salvar vidas y cuidar de las futuras generaciones\u201d.<\/p>\n\n\n\n<p>Montero asegur\u00f3 que la mirada est\u00e1 puesta en fortalecer el equipo de profesionales de la salud, y en establecer un plan claro y consensuado para mejorar los resultados en el sector. Incluso mencion\u00f3 que parte del desaf\u00edo es hacer que todas las instituciones, del&nbsp;<strong>sector tanto p\u00fablico como privado<\/strong>, comprendan su&nbsp;<strong>rol en el sistema de salud&nbsp;<\/strong>y trabajen en colaboraci\u00f3n para lograr los objetivos establecidos.<\/p>\n\n\n\n<p>Tambi\u00e9n exhort\u00f3 a la comunidad y a las partes intervinientes a compartir la responsabilidad en la lucha contra enfermedades que causan&nbsp;<strong>muertes evitables,<\/strong>&nbsp;y la necesidad de realizar campa\u00f1as de concientizaci\u00f3n para aumentar la participaci\u00f3n y la importancia de la detecci\u00f3n temprana.<\/p>\n\n\n\n<p>Las jornadas estuvieron adem\u00e1s Yanina Mazzaresi, directora de Prevenci\u00f3n y Promoci\u00f3n de la Salud; Fernando Basualdo, director del hospital Diego Paroissien; Marcela Alonso, coordinadora del \u00c1rea Social de Fundavita, y la legisladora Fernanda Sabad\u00edn.<\/p>\n\n\n\n<h2 class=\"wp-block-heading\"><strong>Medios para prevenir el c\u00e1ncer de cuello uterino<\/strong><\/h2>\n\n\n\n<p>La vacuna contra el VPH, el test de VPH y el PAP:<\/p>\n\n\n\n<ul>\n<li>La vacuna contra el VPH previene la infecci\u00f3n de los subtipos de VPH m\u00e1s oncog\u00e9nicos (causantes de aproximadamente el 80% de los casos de c\u00e1ncer de cuello de \u00fatero).<\/li>\n\n\n\n<li>El test de Papanicolaou (conocido como Pap) es una manera sencilla y efectiva de prevenir el c\u00e1ncer cervicouterino. Detecta lesiones en el cuello del \u00fatero, lo que permite tratarlas antes de que se conviertan en c\u00e1ncer.<\/li>\n\n\n\n<li>El test de VPH revela la presencia de los subtipos de VPH de alto riesgo en el cuello uterino. Est\u00e1 remplazando, a nivel mundial, al test de Papanicolaou como tamizaje primario para el c\u00e1ncer de cuello uterino, debido a su mayor sensibilidad, a la posibilidad de realizar autotest y a que permite un per\u00edodo m\u00e1s prolongado entre cada test (cinco a\u00f1os, si da negativo).<\/li>\n<\/ul>\n\n\n\n<p><strong>Fuente: www.diariouno.com.ar<\/strong><\/p>\n","protected":false},"excerpt":{"rendered":"<p>El ministro de Salud,\u00a0Rodolfo Montero,\u00a0anunci\u00f3 este mi\u00e9rcoles una campa\u00f1a masiva de prevenci\u00f3n de\u00a0c\u00e1ncer de cuello de utero,\u00a0&#8220;la m\u00e1s ambiciosa del pa\u00eds en muchos a\u00f1os&#8221;. En este contexto, el Gobierno provincial financiar\u00e1 30 mil pruebas por a\u00f1o durante 3 a\u00f1os para la detecci\u00f3n del VPH. La novedad la dio a conocer a trav\u00e9s de las redes [&hellip;]<\/p>\n","protected":false},"author":2,"featured_media":12203,"comment_status":"open","ping_status":"open","sticky":false,"template":"","format":"standard","meta":[],"categories":[58],"tags":[],"_links":{"self":[{"href":"https:\/\/pasaenmendoza.com\/index.php?rest_route=\/wp\/v2\/posts\/12202"}],"collection":[{"href":"https:\/\/pasaenmendoza.com\/index.php?rest_route=\/wp\/v2\/posts"}],"about":[{"href":"https:\/\/pasaenmendoza.com\/index.php?rest_route=\/wp\/v2\/types\/post"}],"author":[{"embeddable":true,"href":"https:\/\/pasaenmendoza.com\/index.php?rest_route=\/wp\/v2\/users\/2"}],"replies":[{"embeddable":true,"href":"https:\/\/pasaenmendoza.com\/index.php?rest_route=%2Fwp%2Fv2%2Fcomments&post=12202"}],"version-history":[{"count":1,"href":"https:\/\/pasaenmendoza.com\/index.php?rest_route=\/wp\/v2\/posts\/12202\/revisions"}],"predecessor-version":[{"id":12204,"href":"https:\/\/pasaenmendoza.com\/index.php?rest_route=\/wp\/v2\/posts\/12202\/revisions\/12204"}],"wp:featuredmedia":[{"embeddable":true,"href":"https:\/\/pasaenmendoza.com\/index.php?rest_route=\/wp\/v2\/media\/12203"}],"wp:attachment":[{"href":"https:\/\/pasaenmendoza.com\/index.php?rest_route=%2Fwp%2Fv2%2Fmedia&parent=12202"}],"wp:term":[{"taxonomy":"category","embeddable":true,"href":"https:\/\/pasaenmendoza.com\/index.php?rest_route=%2Fwp%2Fv2%2Fcategories&post=12202"},{"taxonomy":"post_tag","embeddable":true,"href":"https:\/\/pasaenmendoza.com\/index.php?rest_route=%2Fwp%2Fv2%2Ftags&post=12202"}],"curies":[{"name":"wp","href":"https:\/\/api.w.org\/{rel}","templated":true}]}}