{"id":12208,"date":"2025-03-27T01:12:22","date_gmt":"2025-03-27T00:12:22","guid":{"rendered":"https:\/\/pasaenmendoza.com\/?p=12208"},"modified":"2025-03-27T01:12:23","modified_gmt":"2025-03-27T00:12:23","slug":"alfredo-cornejo-detallo-como-funcionaran-los-inhibidores-de-celulares-en-las-carceles","status":"publish","type":"post","link":"https:\/\/pasaenmendoza.com\/?p=12208","title":{"rendered":"Alfredo Cornejo detall\u00f3 c\u00f3mo funcionar\u00e1n los inhibidores de celulares en las c\u00e1rceles"},"content":{"rendered":"\n<p><strong>Alfredo Cornejo<\/strong>\u00a0precis\u00f3 este mi\u00e9rcoles c\u00f3mo funcionar\u00e1 el sistema de\u00a0<strong>inhibidores de\u00a0celulares<\/strong>\u00a0en las c\u00e1rceles, por el cual ya se lanz\u00f3 una licitaci\u00f3n. Y recalc\u00f3: &#8220;El objetivo final es que nos pongamos adelante de la delincuencia y creemos que este curso, junto con esta licitaci\u00f3n y la Ley de Agente Encubierto y Allanamiento Digital, viene a contribuir a ello\u201d.<\/p>\n\n\n\n<p>El gobernador ampli\u00f3 que este software permitir\u00e1 la&nbsp;<strong>geolocalizaci\u00f3n&nbsp;<\/strong>de delincuentes y el&nbsp;<strong>bloqueo de se\u00f1ales<\/strong>, beneficiando a la Polic\u00eda, especialmente a la divisi\u00f3n de Investigaciones, al Poder Judicial y al Ministerio P\u00fablico Fiscal. Adem\u00e1s, record\u00f3 que en el \u00faltimo a\u00f1o, Mendoza sancion\u00f3 la Ley 9.510, que establece la figura del agente encubierto digital y regula el allanamiento digital.<\/p>\n\n\n\n<p>Agreg\u00f3 que esta normativa, impulsada en conjunto con el Ministerio P\u00fablico Fiscal, est\u00e1 en uso con &#8220;casos de \u00e9xito concretos\u201d y remarc\u00f3 que &#8220;sin herramientas tecnol\u00f3gicas, sin capacitaci\u00f3n del personal judicial y de las fuerzas de seguridad, ser\u00e1 dif\u00edcil alcanzar resultados s\u00f3lidos en la lucha contra el\u00a0<strong>ciberdelito<\/strong>\u201d.<\/p>\n\n\n\n<p>El monto de la licitaci\u00f3n es de<strong>&nbsp;$2.300 millones&nbsp;<\/strong>y adem\u00e1s del sistema inform\u00e1tico, la compra implica un m\u00f3vil para hacer el monitoreo en las&nbsp;<strong>22 c\u00e1rceles&nbsp;<\/strong>de la provincia, haciendo foco en las que tienen mayor poblaci\u00f3n y m\u00e1s conflictividad.<\/p>\n\n\n\n<p>La ministra Mercedes Rus precis\u00f3 que la intenci\u00f3n es que se ponga en vigencia este a\u00f1o y destac\u00f3 que tras el fallo de la\u00a0<strong>Suprema Corte de Justicia\u00a0<\/strong>de Mendoza se sacaron de los penales unos 3.000 celulares.<\/p>\n\n\n\n<h2 class=\"wp-block-heading\">Control y prevenci\u00f3n del delito en las c\u00e1rceles<\/h2>\n\n\n\n<p>Rus destac\u00f3 que una vez que la Suprema Corte de Mendoza ratific\u00f3 la prohibici\u00f3n de los celulares en las c\u00e1rceles, se est\u00e1n realizando los&nbsp;<strong>decomisos compulsivos<\/strong>&nbsp;y aclar\u00f3: &#8220;En la pandemia ingresaron 26.000 celulares a los penales. Hoy son totalmente ileg\u00edtimos&#8221;.<\/p>\n\n\n\n<p>La contrataci\u00f3n implica el sistema digital y tambi\u00e9n el hardware, por lo que se necesitar\u00e1 un m\u00f3vil para hacer las auditor\u00edas.<\/p>\n\n\n\n<p>&#8220;Estamos con la&nbsp;<strong>licitaci\u00f3n&nbsp;<\/strong>abierta. Estamos esperando que comiencen a presentarse los oferentes, luego se har\u00e1 una evaluaci\u00f3n y le seguir\u00e1 la adjudicaci\u00f3n. Va llevar su tiempo pero va a estar en marcha en la segunda mitad del a\u00f1o&#8221;, sostuvo la funcionaria en contacto con la prensa y en la capacitaci\u00f3n que se desarroll\u00f3 en la Universidad Nacional de Cuyo.<\/p>\n\n\n\n<p>Al mismo tiempo subray\u00f3 que hoy hay una etapa de\u00a0retiros compulsivos de celulares y que todo aparato que se encuentre es &#8220;ileg\u00edtimo&#8221;.<\/p>\n\n\n\n<p>&#8220;Vamos a hacer m\u00e1s requisas y vamos a secuestrar m\u00e1s celulares&#8221;, adelant\u00f3 Rus.<\/p>\n\n\n\n<h2 class=\"wp-block-heading\"><strong>Capacitaci\u00f3n en ciberdelito<\/strong><\/h2>\n\n\n\n<p>Cornejo encabez\u00f3 la apertura del Curso de Especializaci\u00f3n en Ciberdelitos y Evidencia Digital, un programa de formaci\u00f3n clave para el fortalecimiento de las capacidades investigativas en la provincia.<\/p>\n\n\n\n<p>Este espacio de capacitaci\u00f3n, gestado en 2024, surgi\u00f3 como respuesta a la creciente incidencia de delitos inform\u00e1ticos y a la necesidad de dotar a la Polic\u00eda y al Ministerio P\u00fablico Fiscal de herramientas especializadas para su investigaci\u00f3n y prevenci\u00f3n.<\/p>\n\n\n\n<p><strong>Fuente: www.diariouno.com.ar<\/strong><\/p>\n","protected":false},"excerpt":{"rendered":"<p>Alfredo Cornejo\u00a0precis\u00f3 este mi\u00e9rcoles c\u00f3mo funcionar\u00e1 el sistema de\u00a0inhibidores de\u00a0celulares\u00a0en las c\u00e1rceles, por el cual ya se lanz\u00f3 una licitaci\u00f3n. Y recalc\u00f3: &#8220;El objetivo final es que nos pongamos adelante de la delincuencia y creemos que este curso, junto con esta licitaci\u00f3n y la Ley de Agente Encubierto y Allanamiento Digital, viene a contribuir a [&hellip;]<\/p>\n","protected":false},"author":2,"featured_media":12209,"comment_status":"open","ping_status":"open","sticky":false,"template":"","format":"standard","meta":[],"categories":[47],"tags":[],"_links":{"self":[{"href":"https:\/\/pasaenmendoza.com\/index.php?rest_route=\/wp\/v2\/posts\/12208"}],"collection":[{"href":"https:\/\/pasaenmendoza.com\/index.php?rest_route=\/wp\/v2\/posts"}],"about":[{"href":"https:\/\/pasaenmendoza.com\/index.php?rest_route=\/wp\/v2\/types\/post"}],"author":[{"embeddable":true,"href":"https:\/\/pasaenmendoza.com\/index.php?rest_route=\/wp\/v2\/users\/2"}],"replies":[{"embeddable":true,"href":"https:\/\/pasaenmendoza.com\/index.php?rest_route=%2Fwp%2Fv2%2Fcomments&post=12208"}],"version-history":[{"count":1,"href":"https:\/\/pasaenmendoza.com\/index.php?rest_route=\/wp\/v2\/posts\/12208\/revisions"}],"predecessor-version":[{"id":12210,"href":"https:\/\/pasaenmendoza.com\/index.php?rest_route=\/wp\/v2\/posts\/12208\/revisions\/12210"}],"wp:featuredmedia":[{"embeddable":true,"href":"https:\/\/pasaenmendoza.com\/index.php?rest_route=\/wp\/v2\/media\/12209"}],"wp:attachment":[{"href":"https:\/\/pasaenmendoza.com\/index.php?rest_route=%2Fwp%2Fv2%2Fmedia&parent=12208"}],"wp:term":[{"taxonomy":"category","embeddable":true,"href":"https:\/\/pasaenmendoza.com\/index.php?rest_route=%2Fwp%2Fv2%2Fcategories&post=12208"},{"taxonomy":"post_tag","embeddable":true,"href":"https:\/\/pasaenmendoza.com\/index.php?rest_route=%2Fwp%2Fv2%2Ftags&post=12208"}],"curies":[{"name":"wp","href":"https:\/\/api.w.org\/{rel}","templated":true}]}}