{"id":12227,"date":"2025-03-27T22:28:39","date_gmt":"2025-03-27T21:28:39","guid":{"rendered":"https:\/\/pasaenmendoza.com\/?p=12227"},"modified":"2025-03-27T22:28:40","modified_gmt":"2025-03-27T21:28:40","slug":"el-lector-de-patentes-del-ceo-de-la-policia-permitio-recuperar-otro-auto-robado","status":"publish","type":"post","link":"https:\/\/pasaenmendoza.com\/?p=12227","title":{"rendered":"El lector de patentes del CEO de la Polic\u00eda permiti\u00f3 recuperar otro auto robado"},"content":{"rendered":"\n<p>Gracias a la tecnolog\u00eda que emplea el Centro Estrat\u00e9gico de Operaciones (CEO) de la\u00a0<strong>Polic\u00eda de Mendoza<\/strong>\u00a0se logr\u00f3 ubicar a un\u00a0<strong>auto\u00a0<\/strong>que hab\u00eda sido denunciado como<strong>\u00a0robado\u00a0<\/strong>en el \u00e1rea metropolitana. El veh\u00edculo se trasladaba por las calles de Las Heras con tres personas en su interior, quienes fueron detenidos involucrados en el hecho.<\/p>\n\n\n\n<p>El mi\u00e9rcoles, el CEO de la Polic\u00eda tambi\u00e9n detect\u00f3 a una Ecosport con patente ap\u00f3crifa, la cual hab\u00eda sido utilizada en una entradera en Maip\u00fa y que termin\u00f3 siendo recuperada tras una\u00a0persecuci\u00f3n de pel\u00edcula que culmin\u00f3 en Ciudad. Tambi\u00e9n se detuvo a tres personas: tres hombres con diversos delitos en su prontuario.<\/p>\n\n\n\n<h2 class=\"wp-block-heading\">El operativo en Las Heras<\/h2>\n\n\n\n<p>El nuevo procedimiento se concret\u00f3 este jueves en<strong>&nbsp;Las Heras<\/strong>, en la intersecci\u00f3n de las calles Lisandro Moyano y Balb\u00edn.<\/p>\n\n\n\n<p>El operativo se puso en marcha cuando el sistema de lector de patentes del CEO detect\u00f3 un&nbsp;<strong>Nissan March robado&nbsp;<\/strong>d\u00edas atr\u00e1s.<\/p>\n\n\n\n<p>Por esta raz\u00f3n, el sistema emiti\u00f3 una&nbsp;<strong>alerta<\/strong>&nbsp;mientras el auto circulaba por el Acceso Norte.<\/p>\n\n\n\n<p>En el acto, la Unidad Especial de Patrullaje (UEP) de Las Heras recibi\u00f3 la informaci\u00f3n mediante<strong>\u00a0frecuencia radial<\/strong>\u00a0y se desplaz\u00f3 hasta la zona. Al llegar a la intersecci\u00f3n mencionada, los polic\u00edas lograron detener el veh\u00edculo.<\/p>\n\n\n\n<p>Viajaban tres personas, dos hombres y una mujer, quienes fueron detenidas.<\/p>\n\n\n\n<p>Como parte del procedimiento, se secuestraron ocho c\u00e9dulas del automotor, dos celulares y diversa documentaci\u00f3n.<\/p>\n\n\n\n<p>En el caso intervino personal de la Oficina Fiscal de jurisdicci\u00f3n.<\/p>\n\n\n\n<p>Fuente: prensa del Ministerio de Justicia y Seguridad.<\/p>\n\n\n\n<p><strong>Fuente: www.diariouno.com.ar<\/strong><\/p>\n","protected":false},"excerpt":{"rendered":"<p>Gracias a la tecnolog\u00eda que emplea el Centro Estrat\u00e9gico de Operaciones (CEO) de la\u00a0Polic\u00eda de Mendoza\u00a0se logr\u00f3 ubicar a un\u00a0auto\u00a0que hab\u00eda sido denunciado como\u00a0robado\u00a0en el \u00e1rea metropolitana. El veh\u00edculo se trasladaba por las calles de Las Heras con tres personas en su interior, quienes fueron detenidos involucrados en el hecho. El mi\u00e9rcoles, el CEO de [&hellip;]<\/p>\n","protected":false},"author":2,"featured_media":12228,"comment_status":"open","ping_status":"open","sticky":false,"template":"","format":"standard","meta":[],"categories":[50],"tags":[],"_links":{"self":[{"href":"https:\/\/pasaenmendoza.com\/index.php?rest_route=\/wp\/v2\/posts\/12227"}],"collection":[{"href":"https:\/\/pasaenmendoza.com\/index.php?rest_route=\/wp\/v2\/posts"}],"about":[{"href":"https:\/\/pasaenmendoza.com\/index.php?rest_route=\/wp\/v2\/types\/post"}],"author":[{"embeddable":true,"href":"https:\/\/pasaenmendoza.com\/index.php?rest_route=\/wp\/v2\/users\/2"}],"replies":[{"embeddable":true,"href":"https:\/\/pasaenmendoza.com\/index.php?rest_route=%2Fwp%2Fv2%2Fcomments&post=12227"}],"version-history":[{"count":1,"href":"https:\/\/pasaenmendoza.com\/index.php?rest_route=\/wp\/v2\/posts\/12227\/revisions"}],"predecessor-version":[{"id":12229,"href":"https:\/\/pasaenmendoza.com\/index.php?rest_route=\/wp\/v2\/posts\/12227\/revisions\/12229"}],"wp:featuredmedia":[{"embeddable":true,"href":"https:\/\/pasaenmendoza.com\/index.php?rest_route=\/wp\/v2\/media\/12228"}],"wp:attachment":[{"href":"https:\/\/pasaenmendoza.com\/index.php?rest_route=%2Fwp%2Fv2%2Fmedia&parent=12227"}],"wp:term":[{"taxonomy":"category","embeddable":true,"href":"https:\/\/pasaenmendoza.com\/index.php?rest_route=%2Fwp%2Fv2%2Fcategories&post=12227"},{"taxonomy":"post_tag","embeddable":true,"href":"https:\/\/pasaenmendoza.com\/index.php?rest_route=%2Fwp%2Fv2%2Ftags&post=12227"}],"curies":[{"name":"wp","href":"https:\/\/api.w.org\/{rel}","templated":true}]}}