{"id":1223,"date":"2023-09-06T14:07:40","date_gmt":"2023-09-06T12:07:40","guid":{"rendered":"https:\/\/pasaenmendoza.com\/?p=1223"},"modified":"2023-09-06T14:07:41","modified_gmt":"2023-09-06T12:07:41","slug":"la-campana-publicitaria-que-de-marchi-pago-a-google-a-muy-alto-precio","status":"publish","type":"post","link":"https:\/\/pasaenmendoza.com\/?p=1223","title":{"rendered":"La campa\u00f1a publicitaria que De Marchi pag\u00f3 a Google a muy alto precio"},"content":{"rendered":"\n<p>os espacios publicitarios que Google tiene en los portales de noticias se vieron desbordados por una campa\u00f1a publicitaria contra Alfredo Cornejo, de una agresividad inusual para la contienda electoral mendocina.<\/p>\n\n\n\n<p><strong>&#8220;Cornejo todo mal&#8221;<\/strong>\u00a0es la premisa con la que La Uni\u00f3n Mendocina sali\u00f3 a la calle e invadi\u00f3 los sitios digitales y las redes en los \u00faltimos d\u00edas. Haci\u00e9ndose cargo de su autor\u00eda,\u00a0<strong>Omar De Marchi<\/strong>\u00a0sorprendi\u00f3 a los mendocinos con una campa\u00f1a publicitaria agresiva en la que, por primera vez, la propaganda no es a favor de s\u00ed mismo si no en contra de otro candidato.<\/p>\n\n\n\n<p><strong>El gobernador Rodolfo Suarez la tild\u00f3 de &#8220;campa\u00f1a sucia&#8221;.<\/strong><\/p>\n\n\n\n<p>Previamente, el fin de semana, hab\u00eda irrumpido en los portales de noticas de Mendoza otra campa\u00f1a publicitaria, titulada\u00a0<strong>La Madama de Las Heras<\/strong>, que difund\u00eda un libro que contaba\u00a0<strong>supuestos secretos oscuros de Janina Ort\u00edz<\/strong>, esposa de Daniel Orozco, candidato a vicegobernador de Omar de Marchi. Dicha campa\u00f1a es an\u00f3nima y acusa a Ort\u00edz del delito de proxenetismo.\u00a0Adem\u00e1s,\u00a0<strong>el libro en cuesti\u00f3n no existe, seg\u00fan confirm\u00f3 el director de la editorial<\/strong>\u00a0que se menciona en la publicidad.<\/p>\n\n\n\n<p>Respecto a la campa\u00f1a &#8220;Cornejo todo mal&#8221;, firmada por La Uni\u00f3n Mendocina (De Marchi)\u00a0<strong>es de un tono inusual por el ataque a su oponente, Alfredo Cornejo,<\/strong>\u00a0y por el enorme costo que implica, dado que ocup\u00f3 todos los espacios que Google tiene en los portales de noticias que se lean en Mendoza, aunque se trate de\u00a0<strong>diario nacionales, como Infobae.<\/strong><\/p>\n\n\n\n<h2 class=\"wp-block-heading\">&#8220;Un l\u00edmite te pido&#8221;, dice Omar De Marchi para exponer a Alfredo Cornejo<\/h2>\n\n\n\n<p><strong>De que Omar De Marchi quiere captar el voto anti Cornejo no quedan dudas<\/strong>&nbsp;y menos con esta campa\u00f1a lanzada a tres semanas de las elecciones 2023 en la que la propaganda es contra el candidato de Cambia Mendoza y no a favor de s\u00ed mismo.<\/p>\n\n\n\n<p><strong>La estrategia sorprende<\/strong>\u00a0porque en Mendoza no se acostumbra a ver tan directamente que un candidato se concentre en &#8220;pegarle&#8221; a otro ya no solo en lo discursivo sino en carteler\u00eda y en la publicidad que se ve en sitios digitales y redes sociales.<\/p>\n\n\n\n<p>En este caso,&nbsp;<strong>en las \u00faltimas horas estas frases anti Cornejo invadieron el espacio publicitario de Google en los medios digitales mendocinos.<\/strong>&nbsp;Un espacio de banners al que se accede por una subasta.<\/p>\n\n\n\n<p>Los anunciantes pujan por aparecer: el que m\u00e1s paga para un momento determinado del d\u00eda y un target de destinatarios, logra su cometido.<\/p>\n\n\n\n<p><strong>La propaganda en los espacios de Google de La Uni\u00f3n Mendocina fue abrumadora entre el lunes por la tarde y la madrugada del martes.\u00a0<\/strong>Con el correr de las horas, parece haber perdido la puja por el banner a manos de Alfredo Cornejo.<\/p>\n\n\n\n<h2 class=\"wp-block-heading\">rearon el dominio cornejotodomal.com<\/h2>\n\n\n\n<p>La totalidad de los panfletos contra Alfredo Cornejo puede verse en una p\u00e1gina de internet que fue registrada el 2 de septiembre en Go daddy por un poco menos de 50 d\u00f3lares. En ella se ven frases como&nbsp;<strong>&#8220;Un l\u00edmite te pido&#8221;, &#8220;Basta, basta, basta, &#8220;12 a\u00f1os no&#8221;, &#8220;Fuerte y claro: chau Cornejo&#8221;, &#8220;Vence el 24\/09\/23&#8221; o &#8220;No esperes a que sea tarde&#8221;<\/strong>.<\/p>\n\n\n\n<p>Abajo de todos ellos se encuentra el logo de La Uni\u00f3n Mendocina con una invitaci\u00f3n. Al hacer clic en ella, la p\u00e1gina te reenv\u00eda a otra web en la que se puede llenar un formulario para sumarse a los equipos t\u00e9cnicos de De Marchi y participar de reuniones para elaborar propuestas a la plataforma del candidato.<\/p>\n\n\n\n<p>FUENTE: diariouno.com.ar<\/p>\n","protected":false},"excerpt":{"rendered":"<p>os espacios publicitarios que Google tiene en los portales de noticias se vieron desbordados por una campa\u00f1a publicitaria contra Alfredo Cornejo, de una agresividad inusual para la contienda electoral mendocina. &#8220;Cornejo todo mal&#8221;\u00a0es la premisa con la que La Uni\u00f3n Mendocina sali\u00f3 a la calle e invadi\u00f3 los sitios digitales y las redes en los [&hellip;]<\/p>\n","protected":false},"author":2,"featured_media":1224,"comment_status":"open","ping_status":"open","sticky":true,"template":"","format":"standard","meta":[],"categories":[47],"tags":[],"_links":{"self":[{"href":"https:\/\/pasaenmendoza.com\/index.php?rest_route=\/wp\/v2\/posts\/1223"}],"collection":[{"href":"https:\/\/pasaenmendoza.com\/index.php?rest_route=\/wp\/v2\/posts"}],"about":[{"href":"https:\/\/pasaenmendoza.com\/index.php?rest_route=\/wp\/v2\/types\/post"}],"author":[{"embeddable":true,"href":"https:\/\/pasaenmendoza.com\/index.php?rest_route=\/wp\/v2\/users\/2"}],"replies":[{"embeddable":true,"href":"https:\/\/pasaenmendoza.com\/index.php?rest_route=%2Fwp%2Fv2%2Fcomments&post=1223"}],"version-history":[{"count":1,"href":"https:\/\/pasaenmendoza.com\/index.php?rest_route=\/wp\/v2\/posts\/1223\/revisions"}],"predecessor-version":[{"id":1225,"href":"https:\/\/pasaenmendoza.com\/index.php?rest_route=\/wp\/v2\/posts\/1223\/revisions\/1225"}],"wp:featuredmedia":[{"embeddable":true,"href":"https:\/\/pasaenmendoza.com\/index.php?rest_route=\/wp\/v2\/media\/1224"}],"wp:attachment":[{"href":"https:\/\/pasaenmendoza.com\/index.php?rest_route=%2Fwp%2Fv2%2Fmedia&parent=1223"}],"wp:term":[{"taxonomy":"category","embeddable":true,"href":"https:\/\/pasaenmendoza.com\/index.php?rest_route=%2Fwp%2Fv2%2Fcategories&post=1223"},{"taxonomy":"post_tag","embeddable":true,"href":"https:\/\/pasaenmendoza.com\/index.php?rest_route=%2Fwp%2Fv2%2Ftags&post=1223"}],"curies":[{"name":"wp","href":"https:\/\/api.w.org\/{rel}","templated":true}]}}