{"id":12230,"date":"2025-03-27T22:33:53","date_gmt":"2025-03-27T21:33:53","guid":{"rendered":"https:\/\/pasaenmendoza.com\/?p=12230"},"modified":"2025-03-27T22:33:54","modified_gmt":"2025-03-27T21:33:54","slug":"como-seran-las-casas-que-el-ipv-hara-en-la-ex-playa-san-agustin-y-como-hay-que-inscribirse","status":"publish","type":"post","link":"https:\/\/pasaenmendoza.com\/?p=12230","title":{"rendered":"C\u00f3mo ser\u00e1n las casas que el IPV har\u00e1 en la ex playa San Agust\u00edn y c\u00f3mo hay que inscribirse"},"content":{"rendered":"\n<p>La ex\u00a0<strong>playa San Agust\u00edn<\/strong>\u00a0se convertir\u00e1 en un hermoso barrio de\u00a0<strong>casas<\/strong>\u00a0hechas a trav\u00e9s del\u00a0<strong>Instituto Provincial de Vivienda (IPV)<\/strong>. En ese sentido, desde el gobierno ya difundieron c\u00f3mo ser\u00e1n cada una de las viviendas y c\u00f3mo va a ser la inscripci\u00f3n para acceder a ellas.<\/p>\n\n\n\n<p>En ese sentido, el 19 de marzo, el gobierno de Mendoza abri\u00f3 los sobres de licitaci\u00f3n para la construcci\u00f3n de estas\u00a0<strong>casas del IPV<\/strong>. Se presentaron tres empresas y los pliegos pasaron a una comisi\u00f3n evaluadora, que ser\u00e1 la que decidir\u00e1 qui\u00e9nes deber\u00e1n levantar este barrio en 14 meses.<\/p>\n\n\n\n<h2 class=\"wp-block-heading\">C\u00f3mo ser\u00e1n las casas del IPV en la ex playa San Agust\u00edn<\/h2>\n\n\n\n<p>Seg\u00fan lo dispuesto por el&nbsp;<strong>IPV<\/strong>, ser\u00e1n 56&nbsp;<strong>casas&nbsp;<\/strong>las que se har\u00e1n en la etapa inicial del proyecto, que ser\u00e1 en la&nbsp;<strong>playa San Agust\u00edn<\/strong>. Estas ser\u00e1n parte del programa de viviendas conocido como&nbsp;<strong>Mendoza Construye L\u00ednea 1&nbsp;<\/strong>y contar\u00e1 con financiamiento de la provincia de Mendoza y de la municipalidad de Capital.<\/p>\n\n\n\n<p>En cuanto a las&nbsp;<strong>casas<\/strong>, el&nbsp;<strong>IPV&nbsp;<\/strong>ha dispuesto que tengan una superficie total de 55,90 metros cuadrados y todas ellas van a tener una cocina comedor, un lavadero exterior, ba\u00f1o y dos dormitorios con posibilidad de una futura ampliaci\u00f3n.<\/p>\n\n\n\n<p>La estructura de estas\u00a0<strong>casas del IPV\u00a0<\/strong>ser\u00e1n de hormig\u00f3n armado con mamposter\u00eda de ladrillos macizos, aunque en los pliegos presentados, las empresas pueden haber sugerido otros sistemas alternativos.<\/p>\n\n\n\n<p>Adem\u00e1s, estas<strong>\u00a0casas del IPV<\/strong>\u00a0tendr\u00e1n revestimiento cer\u00e1mico en piso interior y muros sanitarios, enlucido de yeso en cara interna de muros y pintura l\u00e1tex acr\u00edlica en la totalidad de la vivienda y la carpinter\u00eda ser\u00e1 de aluminio prepintado. En tanto, las puertas exteriores, ser\u00e1n met\u00e1licas, y las interiores, de placa.<\/p>\n\n\n\n<h2 class=\"wp-block-heading\">C\u00f3mo anotarse a las casas del IPV<\/h2>\n\n\n\n<p>La inscripci\u00f3n para estas<strong>&nbsp;casas del IPV&nbsp;<\/strong>a\u00fan no est\u00e1 habilitada. No obstante, desde el Gobierno de Mendoza ya confirmaron que se har\u00e1n como parte del&nbsp;<strong>programa Mendoza Construye L\u00ednea 1<\/strong>.<\/p>\n\n\n\n<p>Seg\u00fan el sitio del\u00a0<strong>IPV<\/strong>, las personas interesadas en este plan de\u00a0<strong>casas\u00a0<\/strong>deben anotarse en las direcciones de\u00a0<strong>viviendas\u00a0<\/strong>de cada municipio, que son los que demandan y priorizan. Adem\u00e1s, deben cumplir con requisitos como estar dentro de los l\u00edmites de ingreso en el momento de anotarse y no tener ninguna otra propiedad.<\/p>\n\n\n\n<p><strong>Fuente: www.diariouno.com.ar<\/strong><\/p>\n","protected":false},"excerpt":{"rendered":"<p>La ex\u00a0playa San Agust\u00edn\u00a0se convertir\u00e1 en un hermoso barrio de\u00a0casas\u00a0hechas a trav\u00e9s del\u00a0Instituto Provincial de Vivienda (IPV). En ese sentido, desde el gobierno ya difundieron c\u00f3mo ser\u00e1n cada una de las viviendas y c\u00f3mo va a ser la inscripci\u00f3n para acceder a ellas. En ese sentido, el 19 de marzo, el gobierno de Mendoza abri\u00f3 [&hellip;]<\/p>\n","protected":false},"author":2,"featured_media":12231,"comment_status":"open","ping_status":"open","sticky":false,"template":"","format":"standard","meta":[],"categories":[65],"tags":[],"_links":{"self":[{"href":"https:\/\/pasaenmendoza.com\/index.php?rest_route=\/wp\/v2\/posts\/12230"}],"collection":[{"href":"https:\/\/pasaenmendoza.com\/index.php?rest_route=\/wp\/v2\/posts"}],"about":[{"href":"https:\/\/pasaenmendoza.com\/index.php?rest_route=\/wp\/v2\/types\/post"}],"author":[{"embeddable":true,"href":"https:\/\/pasaenmendoza.com\/index.php?rest_route=\/wp\/v2\/users\/2"}],"replies":[{"embeddable":true,"href":"https:\/\/pasaenmendoza.com\/index.php?rest_route=%2Fwp%2Fv2%2Fcomments&post=12230"}],"version-history":[{"count":1,"href":"https:\/\/pasaenmendoza.com\/index.php?rest_route=\/wp\/v2\/posts\/12230\/revisions"}],"predecessor-version":[{"id":12232,"href":"https:\/\/pasaenmendoza.com\/index.php?rest_route=\/wp\/v2\/posts\/12230\/revisions\/12232"}],"wp:featuredmedia":[{"embeddable":true,"href":"https:\/\/pasaenmendoza.com\/index.php?rest_route=\/wp\/v2\/media\/12231"}],"wp:attachment":[{"href":"https:\/\/pasaenmendoza.com\/index.php?rest_route=%2Fwp%2Fv2%2Fmedia&parent=12230"}],"wp:term":[{"taxonomy":"category","embeddable":true,"href":"https:\/\/pasaenmendoza.com\/index.php?rest_route=%2Fwp%2Fv2%2Fcategories&post=12230"},{"taxonomy":"post_tag","embeddable":true,"href":"https:\/\/pasaenmendoza.com\/index.php?rest_route=%2Fwp%2Fv2%2Ftags&post=12230"}],"curies":[{"name":"wp","href":"https:\/\/api.w.org\/{rel}","templated":true}]}}