{"id":12233,"date":"2025-03-27T22:38:01","date_gmt":"2025-03-27T21:38:01","guid":{"rendered":"https:\/\/pasaenmendoza.com\/?p=12233"},"modified":"2025-03-27T22:38:02","modified_gmt":"2025-03-27T21:38:02","slug":"con-apoyo-de-san-jorge-la-dge-comenzo-a-dictar-la-primera-formacion-profesional-en-logistica-minera","status":"publish","type":"post","link":"https:\/\/pasaenmendoza.com\/?p=12233","title":{"rendered":"Con apoyo de San Jorge, la DGE comenz\u00f3 a dictar la primera Formaci\u00f3n Profesional en Log\u00edstica Minera"},"content":{"rendered":"\n<p>El director de\u00a0<strong>Miner\u00eda<\/strong>, Jer\u00f3nimo Shantal y la directora de Educaci\u00f3n Superior de la\u00a0<strong>DGE<\/strong>, Mariela Ramos, formalizaron el inicio de la Formaci\u00f3n Profesional en Log\u00edstica Minera que se abri\u00f3 en un Instituto de Formaci\u00f3n Terciaria en Uspallata, Las Heras. La capacitaci\u00f3n se desarrollar\u00e1 con el apoyo de la minera San Jorge, que busca reactivar un proyecto de cobre en esa localidad.<\/p>\n\n\n\n<p>\u201cEsta formaci\u00f3n, que ya cuenta con 120 inscriptos, tiene como objetivo que los egresados puedan planificar, organizar y supervisar las operaciones log\u00edsticas del<strong>&nbsp;sector minero&nbsp;<\/strong>teniendo en cuenta el entorno y la caracter\u00edstica de la actividad. Pretende que los alumnos adquieran habilidades para organizar la cadena de suministros, gestionar equipos y maquinarias, garantizar la sostenibilidad ambiental y aplicar las herramientas de la tecnolog\u00eda avanzada en la log\u00edstica minera\u201d, explic\u00f3 Ramos en la apertura del cursado, este martes, en el Instituto Superior T\u00e9cnico de Estudios Econ\u00f3micos de Cuyo (ISTEEC) 9-013.<\/p>\n\n\n\n<p>Una Formaci\u00f3n Profesional se diferencia de una carrera t\u00e9cnica porque tiene menos carga horaria y adem\u00e1s habilita a que se le puedan sumar otros cursos.<\/p>\n\n\n\n<p>Por su parte,\u00a0<strong>Shantal\u00a0<\/strong>destac\u00f3 la importancia de la formaci\u00f3n dada \u201cla necesidad y el crecimiento que est\u00e1 teniendo\u00a0la actividad minera, principalmente vinculada a la necesidad de contar con minerales cr\u00edticos como el\u00a0<strong>cobre\u00a0<\/strong>y otras sustancias minerales vinculados directamente a la transici\u00f3n energ\u00e9tica a la que apunta el mundo\u201d.<\/p>\n\n\n\n<p>Durante la presentaci\u00f3n, Shantal se refiri\u00f3 a los controles que lleva adelante la&nbsp;<strong>Autoridad Ambiental Minera<\/strong>, en particular la Polic\u00eda Ambiental Minera y la Unidad de Gesti\u00f3n Ambiental, a la aplicaci\u00f3n de las medidas de acci\u00f3n como clausuras, cese de actividad y sanciones a quienes incumplen con la normativa.<\/p>\n\n\n\n<h2 class=\"wp-block-heading\"><strong>El proyecto de San Jorge en Uspallata<\/strong><\/h2>\n\n\n\n<p>El equipo del\u00a0<strong>Proyecto PSJ cobre mendocino (ex San Jorge)<\/strong>\u00a0se reuni\u00f3 la semana pasada con la\u00a0<strong>Uni\u00f3n Industrial de Mendoza (UIM)<\/strong>\u00a0para presentarles el proyecto para extraer\u00a0<strong>cobre.<\/strong>\u00a0El encuentro tuvo el objetivo de compartir visiones sobre el impacto de la\u00a0<strong>miner\u00eda<\/strong>\u00a0en la econom\u00eda local.<\/p>\n\n\n\n<p>Mientras se buscan alianzas locales, como tambi\u00e9n la llamada licencia social en la poblaci\u00f3n de&nbsp;<strong>Uspallata<\/strong>, el proyecto de explotaci\u00f3n de cobre est\u00e1 en etapa de evaluaci\u00f3n ambiental por parte de la Fundaci\u00f3n UNCuyo, organismo dictaminador. Luego de su an\u00e1lisis, el informe pasar\u00e1 a ser observado por los sectoriales, para su posterior Declaraci\u00f3n de Impacto Ambiental y tratamiento en la Legislatura.<\/p>\n\n\n\n<p>Entre tanto, se encuentra abierto el proceso de Consulta P\u00fablica de PSJ cobre mendocino, a disposici\u00f3n tanto en la p\u00e1gina oficial de la Direcci\u00f3n de&nbsp;<strong>Miner\u00eda&nbsp;<\/strong>como de la Direcci\u00f3n de Protecci\u00f3n Ambiental.<\/p>\n\n\n\n<p>Por otra parte, se sum\u00f3 al an\u00e1lisis la Comisi\u00f3n Evaluadora Interdisciplinaria Ambiental (CEIAM), un equipo interdisciplinario que emitir\u00e1 un informe final \u00fanico con dict\u00e1menes t\u00e9cnicos y conclusiones, que tambi\u00e9n se pondr\u00e1 a disposici\u00f3n de la\u00a0<strong>Autoridad Ambiental Minera<\/strong>.<\/p>\n\n\n\n<p><strong>Fuente: www.diariouno.com.ar<\/strong><\/p>\n","protected":false},"excerpt":{"rendered":"<p>El director de\u00a0Miner\u00eda, Jer\u00f3nimo Shantal y la directora de Educaci\u00f3n Superior de la\u00a0DGE, Mariela Ramos, formalizaron el inicio de la Formaci\u00f3n Profesional en Log\u00edstica Minera que se abri\u00f3 en un Instituto de Formaci\u00f3n Terciaria en Uspallata, Las Heras. La capacitaci\u00f3n se desarrollar\u00e1 con el apoyo de la minera San Jorge, que busca reactivar un proyecto [&hellip;]<\/p>\n","protected":false},"author":2,"featured_media":12234,"comment_status":"open","ping_status":"open","sticky":false,"template":"","format":"standard","meta":[],"categories":[56],"tags":[],"_links":{"self":[{"href":"https:\/\/pasaenmendoza.com\/index.php?rest_route=\/wp\/v2\/posts\/12233"}],"collection":[{"href":"https:\/\/pasaenmendoza.com\/index.php?rest_route=\/wp\/v2\/posts"}],"about":[{"href":"https:\/\/pasaenmendoza.com\/index.php?rest_route=\/wp\/v2\/types\/post"}],"author":[{"embeddable":true,"href":"https:\/\/pasaenmendoza.com\/index.php?rest_route=\/wp\/v2\/users\/2"}],"replies":[{"embeddable":true,"href":"https:\/\/pasaenmendoza.com\/index.php?rest_route=%2Fwp%2Fv2%2Fcomments&post=12233"}],"version-history":[{"count":1,"href":"https:\/\/pasaenmendoza.com\/index.php?rest_route=\/wp\/v2\/posts\/12233\/revisions"}],"predecessor-version":[{"id":12235,"href":"https:\/\/pasaenmendoza.com\/index.php?rest_route=\/wp\/v2\/posts\/12233\/revisions\/12235"}],"wp:featuredmedia":[{"embeddable":true,"href":"https:\/\/pasaenmendoza.com\/index.php?rest_route=\/wp\/v2\/media\/12234"}],"wp:attachment":[{"href":"https:\/\/pasaenmendoza.com\/index.php?rest_route=%2Fwp%2Fv2%2Fmedia&parent=12233"}],"wp:term":[{"taxonomy":"category","embeddable":true,"href":"https:\/\/pasaenmendoza.com\/index.php?rest_route=%2Fwp%2Fv2%2Fcategories&post=12233"},{"taxonomy":"post_tag","embeddable":true,"href":"https:\/\/pasaenmendoza.com\/index.php?rest_route=%2Fwp%2Fv2%2Ftags&post=12233"}],"curies":[{"name":"wp","href":"https:\/\/api.w.org\/{rel}","templated":true}]}}