{"id":12236,"date":"2025-03-27T22:40:49","date_gmt":"2025-03-27T21:40:49","guid":{"rendered":"https:\/\/pasaenmendoza.com\/?p=12236"},"modified":"2025-03-27T22:40:50","modified_gmt":"2025-03-27T21:40:50","slug":"ademas-de-la-sube-ya-se-habilito-el-pago-del-micro-con-tarjetas-de-credito-y-debito","status":"publish","type":"post","link":"https:\/\/pasaenmendoza.com\/?p=12236","title":{"rendered":"Adem\u00e1s de la SUBE, ya se habilit\u00f3 el pago del micro con tarjetas de cr\u00e9dito y d\u00e9bito"},"content":{"rendered":"\n<p>El vocero presidencial\u00a0<strong>Manuel Adorni\u00a0<\/strong>inform\u00f3 este jueves que \u201ca partir de hoy se encuentran habilitados los lectores que admiten el pago con tarjetas de cr\u00e9dito y d\u00e9bito en las l\u00edneas de\u00a0<strong>micro\u00a0<\/strong>en la red\u00a0<strong>SUBE<\/strong>\u00a0\u201d. El anuncio lo realiz\u00f3 durante su habitual conferencia de prensa.<\/p>\n\n\n\n<p>La iniciativa abarca, adem\u00e1s del&nbsp;<strong>\u00e1rea metropolitana de Mendoza y San Rafael<\/strong>, a Rafaela (Santa Fe), R\u00edo Cuarto (C\u00f3rdoba) y la Cuidad de Buenos Aires. En tanto que, en las pr\u00f3ximas semanas, quedar\u00e1 habilitado el nuevo sistema de pago del colectivo en Neuqu\u00e9n, San Luis, Tucum\u00e1n, Rosario, Azul, Tandil y en numerosas l\u00edneas del AMBA.<\/p>\n\n\n\n<p>El vocero precis\u00f3 que se van a actualizar en total\u00a0<strong>30 mil lectores de<\/strong>\u00a0<strong>SUBE\u00a0<\/strong>en micros de m\u00e1s de 60 ciudades del pa\u00eds y en 7 l\u00edneas de trenes del AMBA.<\/p>\n\n\n\n<p>\u201cEs un paso importante para sacarle el monopolio del sistema&nbsp;<strong>SUBE&nbsp;<\/strong>al Estado, y adem\u00e1s le va a dar la posibilidad a las entidades bancarias de presentar mejores ofertas a sus clientes que redunden en mejores precios\u201d, ponder\u00f3 Adorni.<\/p>\n\n\n\n<p>En tanto, desde el Ministerio de Gobierno recordaron que&nbsp;<strong>Mendoza<\/strong>&nbsp;&#8220;es el \u00fanico lugar en el pa\u00eds donde todos los recorridos del sistema urbano tienen pagos abiertos. Incluido el<strong>&nbsp;Metrotranv\u00eda,<\/strong>&nbsp;que est\u00e1 desde noviembre del a\u00f1o pasado&#8221;.<\/p>\n\n\n\n<h2 class=\"wp-block-heading\">C\u00f3mo son los medios de pago habilitados para los micros de la red SUBE<\/h2>\n\n\n\n<p>En Mendoza, el sistema qued\u00f3 habilitado en toda la red&nbsp;<strong>SUBE<\/strong>, que tambi\u00e9n incluye el servicio de&nbsp;<strong>Metrotranv\u00eda<\/strong>.<\/p>\n\n\n\n<p>Adem\u00e1s, se podr\u00e1 pagar con los nuevos&nbsp;<strong>medios de pago<\/strong>&nbsp;en Rafaela, Santa Fe; en R\u00edo Cuarto, C\u00f3rdoba; y en las l\u00edneas 4, 12, 34, 39, 61, 62 y 68 de CABA. En el AMBA solo est\u00e1 habilitado por ahora en la l\u00ednea 1 de jurisdicci\u00f3n nacional.<\/p>\n\n\n\n<p>Quedaron habilitados entonces:<\/p>\n\n\n\n<ul>\n<li>Tarjetas de d\u00e9bito, cr\u00e9dito y prepagas sin contacto Visa y Mastercard.<\/li>\n\n\n\n<li>Tarjetas de d\u00e9bito, cr\u00e9dito y prepagas Visa y Mastercard asociadas en celulares y relojes con NFC.<\/li>\n\n\n\n<li>Tarjeta&nbsp;<strong>SUBE&nbsp;<\/strong>(f\u00edsica y digital).<\/li>\n<\/ul>\n\n\n\n<p>Los descuentos por beneficios nacionales como la Tarifa Social Federal y los locales establecidos por cada jurisdicci\u00f3n, como, por ejemplo, el boleto estudiantil permanecen en la tarjeta&nbsp;<strong>SUBE<\/strong>.<\/p>\n\n\n\n<p>El precio del&nbsp;<strong>boleto&nbsp;<\/strong>es igual al que paga un usuario con la tarjeta&nbsp;<strong>SUBE&nbsp;<\/strong>registrada, independientemente del m\u00e9todo de pago utilizado.<\/p>\n\n\n\n<p>El pago se realiza de la misma manera que se utiliza la tarjeta&nbsp;<strong>SUBE<\/strong>: se apoya durante unos segundos la tarjeta sin contacto de d\u00e9bito, cr\u00e9dito o prepaga Visa o Mastercard, el celular o reloj con NFC en el validador hasta que se indique en la pantalla que el pago fue realizado.<\/p>\n\n\n\n<p>Seg\u00fan informaron desde Naci\u00f3n, esta implementaci\u00f3n es la fase inicial de un proceso integral de apertura a nuevos medios de pago que se extender\u00e1 a la totalidad de los\u00a0<strong>micros\u00a0<\/strong>de las localidades que operan con\u00a0<strong>SUBE\u00a0<\/strong>y a las 7 l\u00edneas de tren del \u00c1rea Metropolitana de Buenos Aires (AMBA).<\/p>\n\n\n\n<p><strong>Fuente: www.diariouno.com.ar<\/strong><\/p>\n","protected":false},"excerpt":{"rendered":"<p>El vocero presidencial\u00a0Manuel Adorni\u00a0inform\u00f3 este jueves que \u201ca partir de hoy se encuentran habilitados los lectores que admiten el pago con tarjetas de cr\u00e9dito y d\u00e9bito en las l\u00edneas de\u00a0micro\u00a0en la red\u00a0SUBE\u00a0\u201d. El anuncio lo realiz\u00f3 durante su habitual conferencia de prensa. La iniciativa abarca, adem\u00e1s del&nbsp;\u00e1rea metropolitana de Mendoza y San Rafael, a Rafaela [&hellip;]<\/p>\n","protected":false},"author":2,"featured_media":12237,"comment_status":"open","ping_status":"open","sticky":false,"template":"","format":"standard","meta":[],"categories":[80],"tags":[],"_links":{"self":[{"href":"https:\/\/pasaenmendoza.com\/index.php?rest_route=\/wp\/v2\/posts\/12236"}],"collection":[{"href":"https:\/\/pasaenmendoza.com\/index.php?rest_route=\/wp\/v2\/posts"}],"about":[{"href":"https:\/\/pasaenmendoza.com\/index.php?rest_route=\/wp\/v2\/types\/post"}],"author":[{"embeddable":true,"href":"https:\/\/pasaenmendoza.com\/index.php?rest_route=\/wp\/v2\/users\/2"}],"replies":[{"embeddable":true,"href":"https:\/\/pasaenmendoza.com\/index.php?rest_route=%2Fwp%2Fv2%2Fcomments&post=12236"}],"version-history":[{"count":1,"href":"https:\/\/pasaenmendoza.com\/index.php?rest_route=\/wp\/v2\/posts\/12236\/revisions"}],"predecessor-version":[{"id":12238,"href":"https:\/\/pasaenmendoza.com\/index.php?rest_route=\/wp\/v2\/posts\/12236\/revisions\/12238"}],"wp:featuredmedia":[{"embeddable":true,"href":"https:\/\/pasaenmendoza.com\/index.php?rest_route=\/wp\/v2\/media\/12237"}],"wp:attachment":[{"href":"https:\/\/pasaenmendoza.com\/index.php?rest_route=%2Fwp%2Fv2%2Fmedia&parent=12236"}],"wp:term":[{"taxonomy":"category","embeddable":true,"href":"https:\/\/pasaenmendoza.com\/index.php?rest_route=%2Fwp%2Fv2%2Fcategories&post=12236"},{"taxonomy":"post_tag","embeddable":true,"href":"https:\/\/pasaenmendoza.com\/index.php?rest_route=%2Fwp%2Fv2%2Ftags&post=12236"}],"curies":[{"name":"wp","href":"https:\/\/api.w.org\/{rel}","templated":true}]}}