{"id":12239,"date":"2025-03-28T12:57:57","date_gmt":"2025-03-28T11:57:57","guid":{"rendered":"https:\/\/pasaenmendoza.com\/?p=12239"},"modified":"2025-03-28T13:08:58","modified_gmt":"2025-03-28T12:08:58","slug":"el-tiempo-en-mendoza-viernes-caluroso-y-se-avecina-viento-zonda-con-tormentas","status":"publish","type":"post","link":"https:\/\/pasaenmendoza.com\/?p=12239","title":{"rendered":"Viernes fresco con posibilidad de chaparrones"},"content":{"rendered":"\n<p>Este viernes contin\u00faa en el Gran Mendoza el&nbsp;<strong>tiempo c\u00e1lido y h\u00famedo<\/strong>, con algunas posibilidades de chaparrones despu\u00e9s del mediod\u00eda.<\/p>\n\n\n\n<p>Seg\u00fan el\u00a0Servicio Meteorol\u00f3gico Nacional, la humedad se encuentra rozando el 90%. El cielo est\u00e1 algo nublado.\u00a0<\/p>\n\n\n\n<p><strong>La m\u00e1xima llegar\u00e1 hoy a los 23\u00b0<\/strong>\u00a0mientras que la m\u00ednima fue de 14\u00b0.<\/p>\n\n\n\n<p>Para ma\u00f1ana s\u00e1bado, se espera leve ascenso de temperatura, m\u00e1xima de 26\u00b0 y cielo algo nublado, pero sin precipitaciones.&nbsp;<\/p>\n\n\n\n<p>El domingo si podr\u00edan volver las tormentas nocturnas.\u00a0<\/p>\n\n\n\n<p><strong>Fuente: www.mendozapost.com<\/strong><\/p>\n\n\n\n<p><\/p>\n","protected":false},"excerpt":{"rendered":"<p>Este viernes contin\u00faa en el Gran Mendoza el&nbsp;tiempo c\u00e1lido y h\u00famedo, con algunas posibilidades de chaparrones despu\u00e9s del mediod\u00eda. Seg\u00fan el\u00a0Servicio Meteorol\u00f3gico Nacional, la humedad se encuentra rozando el 90%. El cielo est\u00e1 algo nublado.\u00a0 La m\u00e1xima llegar\u00e1 hoy a los 23\u00b0\u00a0mientras que la m\u00ednima fue de 14\u00b0. Para ma\u00f1ana s\u00e1bado, se espera leve ascenso [&hellip;]<\/p>\n","protected":false},"author":2,"featured_media":12240,"comment_status":"open","ping_status":"open","sticky":false,"template":"","format":"standard","meta":[],"categories":[52],"tags":[],"_links":{"self":[{"href":"https:\/\/pasaenmendoza.com\/index.php?rest_route=\/wp\/v2\/posts\/12239"}],"collection":[{"href":"https:\/\/pasaenmendoza.com\/index.php?rest_route=\/wp\/v2\/posts"}],"about":[{"href":"https:\/\/pasaenmendoza.com\/index.php?rest_route=\/wp\/v2\/types\/post"}],"author":[{"embeddable":true,"href":"https:\/\/pasaenmendoza.com\/index.php?rest_route=\/wp\/v2\/users\/2"}],"replies":[{"embeddable":true,"href":"https:\/\/pasaenmendoza.com\/index.php?rest_route=%2Fwp%2Fv2%2Fcomments&post=12239"}],"version-history":[{"count":2,"href":"https:\/\/pasaenmendoza.com\/index.php?rest_route=\/wp\/v2\/posts\/12239\/revisions"}],"predecessor-version":[{"id":12247,"href":"https:\/\/pasaenmendoza.com\/index.php?rest_route=\/wp\/v2\/posts\/12239\/revisions\/12247"}],"wp:featuredmedia":[{"embeddable":true,"href":"https:\/\/pasaenmendoza.com\/index.php?rest_route=\/wp\/v2\/media\/12240"}],"wp:attachment":[{"href":"https:\/\/pasaenmendoza.com\/index.php?rest_route=%2Fwp%2Fv2%2Fmedia&parent=12239"}],"wp:term":[{"taxonomy":"category","embeddable":true,"href":"https:\/\/pasaenmendoza.com\/index.php?rest_route=%2Fwp%2Fv2%2Fcategories&post=12239"},{"taxonomy":"post_tag","embeddable":true,"href":"https:\/\/pasaenmendoza.com\/index.php?rest_route=%2Fwp%2Fv2%2Ftags&post=12239"}],"curies":[{"name":"wp","href":"https:\/\/api.w.org\/{rel}","templated":true}]}}