{"id":12242,"date":"2025-03-28T13:01:51","date_gmt":"2025-03-28T12:01:51","guid":{"rendered":"https:\/\/pasaenmendoza.com\/?p=12242"},"modified":"2025-03-28T13:01:51","modified_gmt":"2025-03-28T12:01:51","slug":"el-gobierno-otorgo-aumentos-a-policias-y-penitenciarios-cuanto-cobraran","status":"publish","type":"post","link":"https:\/\/pasaenmendoza.com\/?p=12242","title":{"rendered":"El Gobierno otorg\u00f3 aumentos a polic\u00edas y penitenciarios: cu\u00e1nto cobrar\u00e1n"},"content":{"rendered":"\n<p>El Gobierno de<strong>&nbsp;Alfredo Cornejo<\/strong>&nbsp;public\u00f3 este viernes en el Bolet\u00edn Oficial, el decreto 615 que dispone un incremento salarial para el personal policial y penitenciario de la provincia. La medida establece que los aumentos se aplicar\u00e1n de manera escalonada:&nbsp;<strong>un 7% en marzo, 2,5% en abril, 2% en mayo y 1,5% en junio<\/strong>, calculados sobre la nueva Asignaci\u00f3n de la&nbsp;<strong>Clase del Jefe de las Polic\u00edas<\/strong>.<\/p>\n\n\n\n<p>La medida busca \u201cequiparar los aumentos otorgados a otros sectores estatale\u201ds y \u201cproporcionar previsibilidad salarial en un contexto econ\u00f3mico desafiante\u201d.\u00a0<strong>Estos incrementos no ser\u00e1n acumulativos y buscan garantizar una mejora en los ingresos de los efectivos.<\/strong><\/p>\n\n\n\n<p>Asimismo,<strong>&nbsp;se modific\u00f3 el Adicional General por Funci\u00f3n Fuerzas de Seguridad, que pasa del 20% al 37%<\/strong>. Tambi\u00e9n se ajustan los coeficientes para a<strong>ctividades como motoristas, choferes de automotores, choferes de sustancias t\u00f3xicas y choferes bomberos, que ver\u00e1n su porcentaje incrementado del 13% al 20%.<\/strong><\/p>\n\n\n\n<p>El decreto tambi\u00e9n impactar\u00e1 en los beneficiarios del\u00a0<strong>R\u00e9gimen de Retiros y Pensiones del Personal Policial y del Servicio Penitenciario<\/strong>, garantizando que sus ingresos reflejen los mismos aumentos que los agentes activos.<\/p>\n\n\n\n<p>En paralelo, se establecen modificaciones en el valor de los servicios extraordinarios, fijando el porcentaje del per\u00edodo de servicio extraordinario de bajo riesgo en 7,8% sobre la asignaci\u00f3n de la clase del Jefe de Polic\u00eda, a partir del 1 de abril de 2025.<\/p>\n\n\n\n<p>La medida, que ser\u00e1 refrendada por los ministros de Gobierno, Infraestructura y Desarrollo Territorial, Hacienda y Finanzas, y Seguridad y Justicia, quedar\u00e1 sujeta a la aprobaci\u00f3n de la Honorable Legislatura de Mendoza.<\/p>\n\n\n\n<p><strong>Fuente: www.elsol.com.ar<\/strong><\/p>\n","protected":false},"excerpt":{"rendered":"<p>El Gobierno de&nbsp;Alfredo Cornejo&nbsp;public\u00f3 este viernes en el Bolet\u00edn Oficial, el decreto 615 que dispone un incremento salarial para el personal policial y penitenciario de la provincia. La medida establece que los aumentos se aplicar\u00e1n de manera escalonada:&nbsp;un 7% en marzo, 2,5% en abril, 2% en mayo y 1,5% en junio, calculados sobre la nueva [&hellip;]<\/p>\n","protected":false},"author":2,"featured_media":12243,"comment_status":"open","ping_status":"open","sticky":false,"template":"","format":"standard","meta":[],"categories":[79],"tags":[],"_links":{"self":[{"href":"https:\/\/pasaenmendoza.com\/index.php?rest_route=\/wp\/v2\/posts\/12242"}],"collection":[{"href":"https:\/\/pasaenmendoza.com\/index.php?rest_route=\/wp\/v2\/posts"}],"about":[{"href":"https:\/\/pasaenmendoza.com\/index.php?rest_route=\/wp\/v2\/types\/post"}],"author":[{"embeddable":true,"href":"https:\/\/pasaenmendoza.com\/index.php?rest_route=\/wp\/v2\/users\/2"}],"replies":[{"embeddable":true,"href":"https:\/\/pasaenmendoza.com\/index.php?rest_route=%2Fwp%2Fv2%2Fcomments&post=12242"}],"version-history":[{"count":1,"href":"https:\/\/pasaenmendoza.com\/index.php?rest_route=\/wp\/v2\/posts\/12242\/revisions"}],"predecessor-version":[{"id":12244,"href":"https:\/\/pasaenmendoza.com\/index.php?rest_route=\/wp\/v2\/posts\/12242\/revisions\/12244"}],"wp:featuredmedia":[{"embeddable":true,"href":"https:\/\/pasaenmendoza.com\/index.php?rest_route=\/wp\/v2\/media\/12243"}],"wp:attachment":[{"href":"https:\/\/pasaenmendoza.com\/index.php?rest_route=%2Fwp%2Fv2%2Fmedia&parent=12242"}],"wp:term":[{"taxonomy":"category","embeddable":true,"href":"https:\/\/pasaenmendoza.com\/index.php?rest_route=%2Fwp%2Fv2%2Fcategories&post=12242"},{"taxonomy":"post_tag","embeddable":true,"href":"https:\/\/pasaenmendoza.com\/index.php?rest_route=%2Fwp%2Fv2%2Ftags&post=12242"}],"curies":[{"name":"wp","href":"https:\/\/api.w.org\/{rel}","templated":true}]}}