{"id":12256,"date":"2025-03-28T18:29:12","date_gmt":"2025-03-28T17:29:12","guid":{"rendered":"https:\/\/pasaenmendoza.com\/?p=12256"},"modified":"2025-03-28T18:29:13","modified_gmt":"2025-03-28T17:29:13","slug":"mas-despidos-en-pami-los-reemplazantes-son-cercanos-al-lider-de-la-libertad-avanza-correa-llano","status":"publish","type":"post","link":"https:\/\/pasaenmendoza.com\/?p=12256","title":{"rendered":"M\u00e1s despidos en PAMI: los reemplazantes son cercanos al l\u00edder de La Libertad Avanza, Correa Llano"},"content":{"rendered":"\n<p>Renzo Lautaro Cadile y Natalia Luna Maffei dejaron de ser funcionarios de\u00a0<strong>PAMI\u00a0<\/strong>despu\u00e9s de un jueves intenso en la delegaci\u00f3n Mendoza. Sus reemplazantes, que ya fueron oficializados mediante resoluci\u00f3n interna, llegan de la mano de\u00a0<strong>Facundo Correa Llano<\/strong>, diputado nacional y l\u00edder de La Libertad Avanza local.<\/p>\n\n\n\n<p>La pediatra Mar\u00eda Fernanda Ragazzone, el doctor lavallino Lucas Fosco y la abogada Mar\u00eda Fernanda Kaufman, todos del ri\u00f1\u00f3n de Correa Llano, son los nuevos funcionarios designados no solo para cubrir las vacantes en&nbsp;<strong>PAMI<\/strong>, sino tambi\u00e9n para asumir en un nuevo cargo creado en esta ocasi\u00f3n.<\/p>\n\n\n\n<p>Los funcionarios echados, Cadile y Luna Maffei, llegaron al\u00a0<strong>PAMI\u00a0<\/strong>a mediados del a\u00f1o pasado, cuando\u00a0<strong>David Litvinchuk<\/strong>\u00a0asumi\u00f3 la nueva gesti\u00f3n. Hoy, su poder en el mando de la obra social de jubilados y pensionados est\u00e1 afectado, en parte\u00a0por una denuncia penal que pesa en su contra y tambi\u00e9n por el conflicto con la entrega de medicamentos.<\/p>\n\n\n\n<h2 class=\"wp-block-heading\">Echaron a dos funcionarios del PAMI<\/h2>\n\n\n\n<p>Renzo Cadile era coordinador de Pol\u00edticas Sociales. Ven\u00eda del c\u00edrculo chico de Lourdes Arrieta pero, ante su salida de\u00a0<strong>La Libertad Avanza<\/strong>, el joven libertario tom\u00f3 distancia. Desde adentro del PAMI Mendoza, su gesti\u00f3n era duramente criticada.<\/p>\n\n\n\n<p>Luna Maffei, en tanto, era la coordinadora m\u00e9dica y su designaci\u00f3n lleg\u00f3 en su momento por v\u00ednculos con Oscar Sag\u00e1s y&nbsp;<strong>Luis Petri<\/strong>, ministro nacional.<\/p>\n\n\n\n<p>De los funcionarios nombrados en aquel momento, en julio del 2024, subsiste otro de los protegidos por&nbsp;<strong>Litvinchuk,&nbsp;<\/strong>Gonzalo Mugianesi Araujo, a cargo del Modelo de Atenci\u00f3n Personalizada.<\/p>\n\n\n\n<h2 class=\"wp-block-heading\">Nombramientos en el PAMI<\/h2>\n\n\n\n<p>El nuevo l\u00edder de La Libertad Avanza,&nbsp;<strong>Facundo Correa Llano<\/strong>, quien ya en enero de este a\u00f1o hab\u00eda hecho movimientos de piezas en el&nbsp;<strong>PAMI Mendoza<\/strong>, tuvo mucho -o todo- que ver en tres nuevos nombramientos que se dieron este jueves.<\/p>\n\n\n\n<p>En reemplazo de Cadile, el joven de Pol\u00edticas Sociales, ingres\u00f3 el experimentado m\u00e9dico Lucas Fosco, vocal de&nbsp;<strong>LLA&nbsp;<\/strong>y cercano a Correa Llano.<\/p>\n\n\n\n<p>En lugar de Luna Maffei, como coordinadora del Departamento M\u00e9dico de Gesti\u00f3n Local IV, ingres\u00f3 la doctora Mar\u00eda Fernanda Ragazzone, mujer de confianza de\u00a0<strong>Correa Llano<\/strong>\u00a0y ex candidata del Partido Dem\u00f3crata.<\/p>\n\n\n\n<p>Adem\u00e1s de estos reemplazos, se sum\u00f3 al&nbsp;<strong>PAMI&nbsp;<\/strong>Mendoza la abogada Mar\u00eda Fernanda Kaufman, quien qued\u00f3 a cargo del flamante Departamento Administrativo, inexistente antes de esta designaci\u00f3n.<\/p>\n\n\n\n<p>Su tarea ser\u00e1 en parte la que hac\u00eda el sanrafaelino Alejandro Zapata, coordinador administrativo. Seg\u00fan contaron desde&nbsp;<strong>PAMI<\/strong>, con el nuevo departamento, el \u00e1rea quedar\u00e1 dividida en dos y Zapata, contador, se ocupar\u00e1 exclusivamente de lo contable.<\/p>\n\n\n\n<p>Kaufman es socia de Gonzalo\u00a0<strong>Correa Llano<\/strong>, hermano de Facundo, en el estudio de abogados de la familia.<\/p>\n\n\n\n<p><strong>Fuente: www.diariouno.com.ar<\/strong><\/p>\n","protected":false},"excerpt":{"rendered":"<p>Renzo Lautaro Cadile y Natalia Luna Maffei dejaron de ser funcionarios de\u00a0PAMI\u00a0despu\u00e9s de un jueves intenso en la delegaci\u00f3n Mendoza. Sus reemplazantes, que ya fueron oficializados mediante resoluci\u00f3n interna, llegan de la mano de\u00a0Facundo Correa Llano, diputado nacional y l\u00edder de La Libertad Avanza local. La pediatra Mar\u00eda Fernanda Ragazzone, el doctor lavallino Lucas Fosco [&hellip;]<\/p>\n","protected":false},"author":2,"featured_media":12257,"comment_status":"open","ping_status":"open","sticky":false,"template":"","format":"standard","meta":[],"categories":[89],"tags":[],"_links":{"self":[{"href":"https:\/\/pasaenmendoza.com\/index.php?rest_route=\/wp\/v2\/posts\/12256"}],"collection":[{"href":"https:\/\/pasaenmendoza.com\/index.php?rest_route=\/wp\/v2\/posts"}],"about":[{"href":"https:\/\/pasaenmendoza.com\/index.php?rest_route=\/wp\/v2\/types\/post"}],"author":[{"embeddable":true,"href":"https:\/\/pasaenmendoza.com\/index.php?rest_route=\/wp\/v2\/users\/2"}],"replies":[{"embeddable":true,"href":"https:\/\/pasaenmendoza.com\/index.php?rest_route=%2Fwp%2Fv2%2Fcomments&post=12256"}],"version-history":[{"count":1,"href":"https:\/\/pasaenmendoza.com\/index.php?rest_route=\/wp\/v2\/posts\/12256\/revisions"}],"predecessor-version":[{"id":12258,"href":"https:\/\/pasaenmendoza.com\/index.php?rest_route=\/wp\/v2\/posts\/12256\/revisions\/12258"}],"wp:featuredmedia":[{"embeddable":true,"href":"https:\/\/pasaenmendoza.com\/index.php?rest_route=\/wp\/v2\/media\/12257"}],"wp:attachment":[{"href":"https:\/\/pasaenmendoza.com\/index.php?rest_route=%2Fwp%2Fv2%2Fmedia&parent=12256"}],"wp:term":[{"taxonomy":"category","embeddable":true,"href":"https:\/\/pasaenmendoza.com\/index.php?rest_route=%2Fwp%2Fv2%2Fcategories&post=12256"},{"taxonomy":"post_tag","embeddable":true,"href":"https:\/\/pasaenmendoza.com\/index.php?rest_route=%2Fwp%2Fv2%2Ftags&post=12256"}],"curies":[{"name":"wp","href":"https:\/\/api.w.org\/{rel}","templated":true}]}}