{"id":12263,"date":"2025-03-28T18:42:44","date_gmt":"2025-03-28T17:42:44","guid":{"rendered":"https:\/\/pasaenmendoza.com\/?p=12263"},"modified":"2025-03-28T18:42:45","modified_gmt":"2025-03-28T17:42:45","slug":"avances-en-el-sistema-crece-la-adopcion-de-adolescentes-y-ninos-con-discapacidad","status":"publish","type":"post","link":"https:\/\/pasaenmendoza.com\/?p=12263","title":{"rendered":"Avances en el sistema: crece la adopci\u00f3n de adolescentes y ni\u00f1os con discapacidad"},"content":{"rendered":"\n<p>En el marco de la apertura del A\u00f1o Judicial, las autoridades destacaron el crecimiento en los<strong>\u00a0procesos de adopci\u00f3n<\/strong>\u00a0de grupos considerados de mayor complejidad, como adolescentes, ni\u00f1os con discapacidad y hermanos.<\/p>\n\n\n\n<p>Las modificaciones al\u00a0<strong>C\u00f3digo Procesal de Familia (Ley 9.120)<\/strong>, orientadas a agilizar las adopciones en Mendoza, han mostrado resultados positivos. Seg\u00fan datos oficiales presentados por el presidente de la Suprema Corte de Justicia,\u00a0<strong>Dalmiro Garay<\/strong>, en\u00a0<strong>2024 se concretaron 129 vinculaciones<\/strong>, de las cuales\u00a0<strong>23 correspondieron a adolescentes y 11 a ni\u00f1os\u00a0con discapacidad<\/strong>,\u00a0representando un\u00a0<strong>27% del total<\/strong>.<\/p>\n\n\n\n<p>Adem\u00e1s, se logr\u00f3 reducir en un&nbsp;<strong>30% la cantidad de ni\u00f1os y ni\u00f1as en hogares de acogida<\/strong>, pasando de&nbsp;<strong>950 al inicio de la gesti\u00f3n de Alfredo Cornejo a 642<\/strong>&nbsp;a finales de 2024. Programas como&nbsp;<strong>\u201cYo Creo\u201d<\/strong>, que impulsa el acogimiento en familias transitorias, han sido clave en este avance.<\/p>\n\n\n\n<h3 class=\"wp-block-heading\"><strong>M\u00e1s avances en adopciones de hermanos<\/strong><\/h3>\n\n\n\n<p>El gobernador Alfredo Cornejo resalt\u00f3 el incremento en la adopci\u00f3n de grupos de hermanos, otro desaf\u00edo dentro del sistema. En\u00a0<strong>2023, 19 grupos de hermanos fueron adoptados, con una tasa de \u00e9xito del 85%<\/strong>, mientras que en\u00a0<strong>2024 se vincularon 18 grupos, con un 89% de \u00e9xito<\/strong>. Actualmente,\u00a0<strong>11 grupos de hermanos ya cuentan con sentencia de adopci\u00f3n<\/strong>.<\/p>\n\n\n\n<p>En este contexto, la provincia inaugur\u00f3 recientemente su\u00a0<strong>residencia alternativa n\u00famero 44<\/strong>, destinada a\u00a0<strong>ni\u00f1os de 2 a 4 a\u00f1os sin\u00a0cuidados parentales<\/strong>. Esta forma parte de un plan para abrir\u00a0<strong>12 hogares antes de mayo de 2025<\/strong>, fortaleciendo el sistema de protecci\u00f3n infantil.<\/p>\n\n\n\n<p>El avance en estos procesos refleja el impacto de las reformas y el compromiso de Mendoza en garantizar el derecho de los ni\u00f1os y adolescentes a crecer en un entorno familiar.<\/p>\n\n\n\n<p><strong>Fuente: www.diariomendoza.com.ar<\/strong><\/p>\n","protected":false},"excerpt":{"rendered":"<p>En el marco de la apertura del A\u00f1o Judicial, las autoridades destacaron el crecimiento en los\u00a0procesos de adopci\u00f3n\u00a0de grupos considerados de mayor complejidad, como adolescentes, ni\u00f1os con discapacidad y hermanos. Las modificaciones al\u00a0C\u00f3digo Procesal de Familia (Ley 9.120), orientadas a agilizar las adopciones en Mendoza, han mostrado resultados positivos. Seg\u00fan datos oficiales presentados por el [&hellip;]<\/p>\n","protected":false},"author":2,"featured_media":12264,"comment_status":"open","ping_status":"open","sticky":false,"template":"","format":"standard","meta":[],"categories":[50],"tags":[],"_links":{"self":[{"href":"https:\/\/pasaenmendoza.com\/index.php?rest_route=\/wp\/v2\/posts\/12263"}],"collection":[{"href":"https:\/\/pasaenmendoza.com\/index.php?rest_route=\/wp\/v2\/posts"}],"about":[{"href":"https:\/\/pasaenmendoza.com\/index.php?rest_route=\/wp\/v2\/types\/post"}],"author":[{"embeddable":true,"href":"https:\/\/pasaenmendoza.com\/index.php?rest_route=\/wp\/v2\/users\/2"}],"replies":[{"embeddable":true,"href":"https:\/\/pasaenmendoza.com\/index.php?rest_route=%2Fwp%2Fv2%2Fcomments&post=12263"}],"version-history":[{"count":1,"href":"https:\/\/pasaenmendoza.com\/index.php?rest_route=\/wp\/v2\/posts\/12263\/revisions"}],"predecessor-version":[{"id":12265,"href":"https:\/\/pasaenmendoza.com\/index.php?rest_route=\/wp\/v2\/posts\/12263\/revisions\/12265"}],"wp:featuredmedia":[{"embeddable":true,"href":"https:\/\/pasaenmendoza.com\/index.php?rest_route=\/wp\/v2\/media\/12264"}],"wp:attachment":[{"href":"https:\/\/pasaenmendoza.com\/index.php?rest_route=%2Fwp%2Fv2%2Fmedia&parent=12263"}],"wp:term":[{"taxonomy":"category","embeddable":true,"href":"https:\/\/pasaenmendoza.com\/index.php?rest_route=%2Fwp%2Fv2%2Fcategories&post=12263"},{"taxonomy":"post_tag","embeddable":true,"href":"https:\/\/pasaenmendoza.com\/index.php?rest_route=%2Fwp%2Fv2%2Ftags&post=12263"}],"curies":[{"name":"wp","href":"https:\/\/api.w.org\/{rel}","templated":true}]}}