{"id":12268,"date":"2025-03-31T13:40:19","date_gmt":"2025-03-31T11:40:19","guid":{"rendered":"https:\/\/pasaenmendoza.com\/?p=12268"},"modified":"2025-03-31T13:40:20","modified_gmt":"2025-03-31T11:40:20","slug":"el-tiempo-en-mendoza-marzo-termina-nublado-y-con-descenso-de-la-temperatura","status":"publish","type":"post","link":"https:\/\/pasaenmendoza.com\/?p=12268","title":{"rendered":"El tiempo en Mendoza: marzo termina nublado y con descenso de la temperatura"},"content":{"rendered":"\n<p>El \u00faltimo&nbsp;<strong>lunes&nbsp;<\/strong>de marzo termina con tiempo bueno, pero con&nbsp;<strong>descenso de la temperatura.<\/strong>&nbsp;Adem\u00e1s, la Direcci\u00f3n de Contingencias indica: \u201cCielo parcial nublado a poco nuboso y vientos moderados del noreste\u201d.&nbsp;<strong>La m\u00ednima ser\u00e1 de 12 grados y la m\u00e1xima llegar\u00eda a los 21.<\/strong><\/p>\n\n\n\n<p>Para el\u00a0<strong>martes<\/strong>\u00a0se prev\u00e9: \u201cPoca nubosidad con ascenso de la temperatura, vientos leves del noreste. Precipitaciones en alta cordillera\u201d.\u00a0<strong>La m\u00ednima ser\u00e1 de 10 grados y la m\u00e1xima llegar\u00eda a los 24.<\/strong><\/p>\n\n\n\n<p>En tanto, el<strong>\u00a0mi\u00e9rcoles<\/strong>\u00a0estar\u00e1 con \u201cpoca nubosidad con ascenso de la temperatura, vientos leves del sudeste. Buenas condiciones meteorol\u00f3gicas\u201d.\u00a0<strong>La m\u00ednima ser\u00e1 de 13 grados y la m\u00e1xima de 25.<\/strong><\/p>\n\n\n\n<p><strong>Fuente: www.elsol.com.ar<\/strong><\/p>\n","protected":false},"excerpt":{"rendered":"<p>El \u00faltimo&nbsp;lunes&nbsp;de marzo termina con tiempo bueno, pero con&nbsp;descenso de la temperatura.&nbsp;Adem\u00e1s, la Direcci\u00f3n de Contingencias indica: \u201cCielo parcial nublado a poco nuboso y vientos moderados del noreste\u201d.&nbsp;La m\u00ednima ser\u00e1 de 12 grados y la m\u00e1xima llegar\u00eda a los 21. Para el\u00a0martes\u00a0se prev\u00e9: \u201cPoca nubosidad con ascenso de la temperatura, vientos leves del noreste. Precipitaciones [&hellip;]<\/p>\n","protected":false},"author":2,"featured_media":12269,"comment_status":"open","ping_status":"open","sticky":false,"template":"","format":"standard","meta":[],"categories":[52],"tags":[],"_links":{"self":[{"href":"https:\/\/pasaenmendoza.com\/index.php?rest_route=\/wp\/v2\/posts\/12268"}],"collection":[{"href":"https:\/\/pasaenmendoza.com\/index.php?rest_route=\/wp\/v2\/posts"}],"about":[{"href":"https:\/\/pasaenmendoza.com\/index.php?rest_route=\/wp\/v2\/types\/post"}],"author":[{"embeddable":true,"href":"https:\/\/pasaenmendoza.com\/index.php?rest_route=\/wp\/v2\/users\/2"}],"replies":[{"embeddable":true,"href":"https:\/\/pasaenmendoza.com\/index.php?rest_route=%2Fwp%2Fv2%2Fcomments&post=12268"}],"version-history":[{"count":1,"href":"https:\/\/pasaenmendoza.com\/index.php?rest_route=\/wp\/v2\/posts\/12268\/revisions"}],"predecessor-version":[{"id":12270,"href":"https:\/\/pasaenmendoza.com\/index.php?rest_route=\/wp\/v2\/posts\/12268\/revisions\/12270"}],"wp:featuredmedia":[{"embeddable":true,"href":"https:\/\/pasaenmendoza.com\/index.php?rest_route=\/wp\/v2\/media\/12269"}],"wp:attachment":[{"href":"https:\/\/pasaenmendoza.com\/index.php?rest_route=%2Fwp%2Fv2%2Fmedia&parent=12268"}],"wp:term":[{"taxonomy":"category","embeddable":true,"href":"https:\/\/pasaenmendoza.com\/index.php?rest_route=%2Fwp%2Fv2%2Fcategories&post=12268"},{"taxonomy":"post_tag","embeddable":true,"href":"https:\/\/pasaenmendoza.com\/index.php?rest_route=%2Fwp%2Fv2%2Ftags&post=12268"}],"curies":[{"name":"wp","href":"https:\/\/api.w.org\/{rel}","templated":true}]}}