{"id":1227,"date":"2023-09-06T14:16:38","date_gmt":"2023-09-06T12:16:38","guid":{"rendered":"https:\/\/pasaenmendoza.com\/?p=1227"},"modified":"2023-09-06T14:19:00","modified_gmt":"2023-09-06T12:19:00","slug":"los-municipales-de-las-heras-en-estado-de-alerta-y-movilizacion-porque-orozco-no-les-pagan-el-bono","status":"publish","type":"post","link":"https:\/\/pasaenmendoza.com\/?p=1227","title":{"rendered":"Los municipales de Las Heras, en estado de &#8220;alerta y movilizaci\u00f3n&#8221; porque  OROZCO no les paga el bono"},"content":{"rendered":"\n<p> El sindicato seguir\u00e1 con asambleas este mi\u00e9rcoles y el jueves podr\u00eda haber un paro de actividades. Quieren que el <strong>intendente Orozco <\/strong>pague el bono de $60.000.<\/p>\n\n\n\n<p>El\u00a0<strong>Sindicato Unido de Trabajadores Municipales de Las Heras<\/strong>\u00a0(SUTRAMLH) confirm\u00f3 que a partir de este mi\u00e9rcoles est\u00e1 en\u00a0<strong>estado de alerta y movilizaci\u00f3n<\/strong>, como parte del reclamo para que el intendente Daniel Orozco pague el\u00a0<strong>bono de $60.000\u00a0<\/strong>que anunci\u00f3 la Naci\u00f3n.<\/p>\n\n\n\n<p><strong>Sergio Ruel,<\/strong>\u00a0titular del gremio, argument\u00f3 la decisi\u00f3n en &#8220;<strong>la insuficiente propuesta efectuada por el Ejecutivo municipal<\/strong>\u00a0con respecto al bono que fue anunciado a nivel nacional, y que se abona a nivel provincial y en todos los departamentos de nuestra provincia&#8221;.<\/p>\n\n\n\n<p>&#8220;Nuestra entidad, a partir del d\u00eda mi\u00e9rcoles 6\/9 y hasta el d\u00eda viernes 8\/9, se encuentra en estado de\u00a0<strong>Alerta, Paro y Movilizaci\u00f3n<\/strong>\u00a0desde las 07:00hs&#8221;, se\u00f1al\u00f3 en una carta presentada en la comuna.<\/p>\n\n\n\n<p>Este mi\u00e9rcoles tendr\u00e1 lugar una reuni\u00f3n del cuerpo de delegados junto a la comisi\u00f3n del sindicato para evaluar el alcance de la medida de fuerza, public\u00f3&nbsp;<em><a href=\"https:\/\/www.mendozapost.com\/\" target=\"_blank\" rel=\"noreferrer noopener\">Mendoza Post<\/a><\/em>, y agreg\u00f3 que el jueves estar\u00eda previsto el paro de los trabajadores del municipio.&nbsp;<\/p>\n\n\n\n<p>En ese sentido, entre los trabajadores de la comuna hicieron circular un mensaje que dice. &#8220;Compa\u00f1eros. Es hora de estar todos juntos unidos por esta causa que es el bono de los $60 mil. Ma\u00f1ana -por este mi\u00e9rcoles- cada delegado informar\u00e1 en asamblea en su \u00e1rea la propuesta que nos realizo el Ejecutivo y la contrapropuesta que dejamos nosotros. A las 10 hs, reuni\u00f3n de delegados en nuestro sindicato. Y determinaremos el paro para el jueves y viernes y la modalidad. Hoy qued\u00f3 debidamente notificado el Ministerio de Trabajo. Tratemos de asistir todos a la reuni\u00f3n de delegados y por sobre todas las cosas, estemos unidos ante esta situaci\u00f3n&#8221;.<\/p>\n\n\n\n<p>esde el Sindicato no oficializaron a\u00fan qu\u00e9 \u00e1reas estar\u00edan afectadas ni qu\u00e9 modalidad tendr\u00e1 la medida de fuerza. &#8220;Se decidir\u00e1 en la asamblea de este mi\u00e9rcoles&#8221;, explicaron.<\/p>\n\n\n\n<p>FUENTE: memo.com.ar<\/p>\n","protected":false},"excerpt":{"rendered":"<p>El sindicato seguir\u00e1 con asambleas este mi\u00e9rcoles y el jueves podr\u00eda haber un paro de actividades. Quieren que el intendente Orozco pague el bono de $60.000. El\u00a0Sindicato Unido de Trabajadores Municipales de Las Heras\u00a0(SUTRAMLH) confirm\u00f3 que a partir de este mi\u00e9rcoles est\u00e1 en\u00a0estado de alerta y movilizaci\u00f3n, como parte del reclamo para que el intendente [&hellip;]<\/p>\n","protected":false},"author":2,"featured_media":1228,"comment_status":"open","ping_status":"open","sticky":true,"template":"","format":"standard","meta":[],"categories":[47],"tags":[],"_links":{"self":[{"href":"https:\/\/pasaenmendoza.com\/index.php?rest_route=\/wp\/v2\/posts\/1227"}],"collection":[{"href":"https:\/\/pasaenmendoza.com\/index.php?rest_route=\/wp\/v2\/posts"}],"about":[{"href":"https:\/\/pasaenmendoza.com\/index.php?rest_route=\/wp\/v2\/types\/post"}],"author":[{"embeddable":true,"href":"https:\/\/pasaenmendoza.com\/index.php?rest_route=\/wp\/v2\/users\/2"}],"replies":[{"embeddable":true,"href":"https:\/\/pasaenmendoza.com\/index.php?rest_route=%2Fwp%2Fv2%2Fcomments&post=1227"}],"version-history":[{"count":2,"href":"https:\/\/pasaenmendoza.com\/index.php?rest_route=\/wp\/v2\/posts\/1227\/revisions"}],"predecessor-version":[{"id":1230,"href":"https:\/\/pasaenmendoza.com\/index.php?rest_route=\/wp\/v2\/posts\/1227\/revisions\/1230"}],"wp:featuredmedia":[{"embeddable":true,"href":"https:\/\/pasaenmendoza.com\/index.php?rest_route=\/wp\/v2\/media\/1228"}],"wp:attachment":[{"href":"https:\/\/pasaenmendoza.com\/index.php?rest_route=%2Fwp%2Fv2%2Fmedia&parent=1227"}],"wp:term":[{"taxonomy":"category","embeddable":true,"href":"https:\/\/pasaenmendoza.com\/index.php?rest_route=%2Fwp%2Fv2%2Fcategories&post=1227"},{"taxonomy":"post_tag","embeddable":true,"href":"https:\/\/pasaenmendoza.com\/index.php?rest_route=%2Fwp%2Fv2%2Ftags&post=1227"}],"curies":[{"name":"wp","href":"https:\/\/api.w.org\/{rel}","templated":true}]}}