{"id":12274,"date":"2025-03-31T15:41:14","date_gmt":"2025-03-31T13:41:14","guid":{"rendered":"https:\/\/pasaenmendoza.com\/?p=12274"},"modified":"2025-03-31T15:41:15","modified_gmt":"2025-03-31T13:41:15","slug":"una-doctora-del-notti-debera-devolver-un-sueldo-mal-cobrado","status":"publish","type":"post","link":"https:\/\/pasaenmendoza.com\/?p=12274","title":{"rendered":"Una doctora del Notti deber\u00e1 devolver un sueldo &#8220;mal cobrado&#8221;"},"content":{"rendered":"\n<p>El&nbsp;<strong>Gobierno de Mendoza<\/strong>, a trav\u00e9s del Ministerio de Salud y Deportes, emiti\u00f3 este lunes un decreto en el que se&nbsp;<strong>rechaza un recurso interpuesto por una doctora<\/strong>&nbsp;en contra de una resoluci\u00f3n del Hospital Pedi\u00e1trico Humberto Notti.<\/p>\n\n\n\n<p>La resoluci\u00f3n original hab\u00eda determinado que la m\u00e9dica deb\u00eda restituir una suma de&nbsp;<strong>$296.280<\/strong>, correspondiente a haberes percibidos indebidamente durante los meses de abril, mayo y junio de 2021.<\/p>\n\n\n\n<p>Seg\u00fan el decreto, la trabajadora del nosocomio se encontraba en licencia por enfermedad durante ese per\u00edodo, lo que hac\u00eda &#8220;incompatible su percepci\u00f3n de haberes por un trabajo que no realiz\u00f3&#8221;, espec\u00edficamente en concepto de &#8220;<strong>guardia pasiva<\/strong>&#8220;.\u00a0<\/p>\n\n\n\n<p>A su vez, el texto oficial establece que &#8220;mal podr\u00eda estar a disposici\u00f3n del nosocomio su fuerza laborativa en concepto de guardia pasiva, extremo incompatible con la licencia por enfermedad&#8221;.<\/p>\n\n\n\n<p>Por otro lado, se aclara que, de acuerdo a la normativa vigente, &#8220;las prestaciones que no son efectivamente realizadas<strong>\u00a0no se pagan<\/strong>&#8220;. Esto refuerza la decisi\u00f3n de exigir la devoluci\u00f3n de la cantidad percibida al parecer, de manera incorrecta.\u00a0\u00a0<\/p>\n\n\n\n<p>El decreto, firmado por el gobernador Alfredo Cornejo y el ministro de Salud Rodolfo Montero, determina que el recurso de Alzada presentado por la Dra. Mar\u00eda Fernanda Asenatto se &#8220;rechaza sustancialmente&#8221;, manteniendo la obligaci\u00f3n de la m\u00e9dica de devolver el dinero.<\/p>\n\n\n\n<p><strong>Fuente: www.mendozapost.com<\/strong><\/p>\n","protected":false},"excerpt":{"rendered":"<p>El&nbsp;Gobierno de Mendoza, a trav\u00e9s del Ministerio de Salud y Deportes, emiti\u00f3 este lunes un decreto en el que se&nbsp;rechaza un recurso interpuesto por una doctora&nbsp;en contra de una resoluci\u00f3n del Hospital Pedi\u00e1trico Humberto Notti. La resoluci\u00f3n original hab\u00eda determinado que la m\u00e9dica deb\u00eda restituir una suma de&nbsp;$296.280, correspondiente a haberes percibidos indebidamente durante los [&hellip;]<\/p>\n","protected":false},"author":2,"featured_media":12275,"comment_status":"open","ping_status":"open","sticky":false,"template":"","format":"standard","meta":[],"categories":[50],"tags":[],"_links":{"self":[{"href":"https:\/\/pasaenmendoza.com\/index.php?rest_route=\/wp\/v2\/posts\/12274"}],"collection":[{"href":"https:\/\/pasaenmendoza.com\/index.php?rest_route=\/wp\/v2\/posts"}],"about":[{"href":"https:\/\/pasaenmendoza.com\/index.php?rest_route=\/wp\/v2\/types\/post"}],"author":[{"embeddable":true,"href":"https:\/\/pasaenmendoza.com\/index.php?rest_route=\/wp\/v2\/users\/2"}],"replies":[{"embeddable":true,"href":"https:\/\/pasaenmendoza.com\/index.php?rest_route=%2Fwp%2Fv2%2Fcomments&post=12274"}],"version-history":[{"count":1,"href":"https:\/\/pasaenmendoza.com\/index.php?rest_route=\/wp\/v2\/posts\/12274\/revisions"}],"predecessor-version":[{"id":12276,"href":"https:\/\/pasaenmendoza.com\/index.php?rest_route=\/wp\/v2\/posts\/12274\/revisions\/12276"}],"wp:featuredmedia":[{"embeddable":true,"href":"https:\/\/pasaenmendoza.com\/index.php?rest_route=\/wp\/v2\/media\/12275"}],"wp:attachment":[{"href":"https:\/\/pasaenmendoza.com\/index.php?rest_route=%2Fwp%2Fv2%2Fmedia&parent=12274"}],"wp:term":[{"taxonomy":"category","embeddable":true,"href":"https:\/\/pasaenmendoza.com\/index.php?rest_route=%2Fwp%2Fv2%2Fcategories&post=12274"},{"taxonomy":"post_tag","embeddable":true,"href":"https:\/\/pasaenmendoza.com\/index.php?rest_route=%2Fwp%2Fv2%2Ftags&post=12274"}],"curies":[{"name":"wp","href":"https:\/\/api.w.org\/{rel}","templated":true}]}}