{"id":12277,"date":"2025-03-31T15:46:19","date_gmt":"2025-03-31T13:46:19","guid":{"rendered":"https:\/\/pasaenmendoza.com\/?p=12277"},"modified":"2025-03-31T15:46:20","modified_gmt":"2025-03-31T13:46:20","slug":"cada-vez-menos-mendocinos-piensan-en-irse-del-pais","status":"publish","type":"post","link":"https:\/\/pasaenmendoza.com\/?p=12277","title":{"rendered":"Cada vez menos mendocinos piensan en irse del pa\u00eds"},"content":{"rendered":"\n<p><strong>Cada vez son menos los mendocinos que ven a la emigraci\u00f3n como una salida a la crisis<\/strong>. As\u00ed lo indica una encuesta reciente realizada en el Gran Mendoza por la consultora Demokrat\u00eda, que muestra una ca\u00edda notable en la cantidad de personas que consideran dejar el pa\u00eds.\u00a0<\/p>\n\n\n\n<p>Mientras en octubre de 2023 el 43,44% de los consultados respond\u00eda afirmativamente a la pregunta &#8220;\u00bfHa considerado irse del pa\u00eds para radicarse en otro lugar?&#8221;, en marzo de 2025 ese porcentaje baj\u00f3 a apenas el 8,42%.<\/p>\n\n\n\n<p>El relevamiento, realizado entre el 17 y el 21 de marzo de este a\u00f1o, abarc\u00f3 698 entrevistas presenciales en Ciudad de Mendoza, Godoy Cruz, Guaymall\u00e9n, Las Heras, Luj\u00e1n de Cuyo y Maip\u00fa, con un margen de error del 3,25%.\u00a0<strong>La tendencia a quedarse es clara<\/strong>\u00a0tanto en hombres como en mujeres y atraviesa todas las edades y sectores econ\u00f3micos.<\/p>\n\n\n\n<p>Seg\u00fan los datos, el porcentaje de mujeres que considera emigrar cay\u00f3 del 38,87% en octubre de 2023 al 6,12% en marzo de este a\u00f1o. Entre los hombres, la cifra tambi\u00e9n baj\u00f3 dr\u00e1sticamente: del 44,78% al 11,40%.&nbsp;<\/p>\n\n\n\n<p>En cuanto a la edad, las personas entre 16 y 30 a\u00f1os, que hist\u00f3ricamente han sido el grupo m\u00e1s propenso a pensar en irse, tambi\u00e9n muestran un cambio significativo, con solo el 9,38% considerando la posibilidad de emigrar.<\/p>\n\n\n\n<p>&#8220;Tal vez la s\u00edntesis del pensamiento predominante en los argentinos tenga que ver con que nos dimos cuenta de que cambiar es posible, de lo que no estamos del todo seguros es si esta receta a la larga funciona&#8221;., se\u00f1al\u00f3 el director de la consultora, Nicol\u00e1s Gonz\u00e1lez Perejamo.<\/p>\n\n\n\n<p>El estudio tambi\u00e9n se\u00f1ala que este cambio en la percepci\u00f3n podr\u00eda responder a varios factores. Por un lado, el endurecimiento de las pol\u00edticas migratorias en los principales destinos de los argentinos podr\u00eda haber influido en la baja de intenci\u00f3n de emigrar. Por otro, algunos ciudadanos podr\u00edan haber adoptado una actitud de espera ante la situaci\u00f3n econ\u00f3mica actual.<\/p>\n\n\n\n<p>Sea por resignaci\u00f3n, por confianza en un cambio o por las dificultades de empezar de cero en otro pa\u00eds, los datos muestran una realidad distinta a la de hace un a\u00f1o y medio: Mendoza ya no mira tanto a Ezeiza como una salida.<\/p>\n\n\n\n<p><strong>Fuente: www.mendozapost.com<\/strong><\/p>\n","protected":false},"excerpt":{"rendered":"<p>Cada vez son menos los mendocinos que ven a la emigraci\u00f3n como una salida a la crisis. As\u00ed lo indica una encuesta reciente realizada en el Gran Mendoza por la consultora Demokrat\u00eda, que muestra una ca\u00edda notable en la cantidad de personas que consideran dejar el pa\u00eds.\u00a0 Mientras en octubre de 2023 el 43,44% de [&hellip;]<\/p>\n","protected":false},"author":2,"featured_media":12278,"comment_status":"open","ping_status":"open","sticky":false,"template":"","format":"standard","meta":[],"categories":[50],"tags":[],"_links":{"self":[{"href":"https:\/\/pasaenmendoza.com\/index.php?rest_route=\/wp\/v2\/posts\/12277"}],"collection":[{"href":"https:\/\/pasaenmendoza.com\/index.php?rest_route=\/wp\/v2\/posts"}],"about":[{"href":"https:\/\/pasaenmendoza.com\/index.php?rest_route=\/wp\/v2\/types\/post"}],"author":[{"embeddable":true,"href":"https:\/\/pasaenmendoza.com\/index.php?rest_route=\/wp\/v2\/users\/2"}],"replies":[{"embeddable":true,"href":"https:\/\/pasaenmendoza.com\/index.php?rest_route=%2Fwp%2Fv2%2Fcomments&post=12277"}],"version-history":[{"count":1,"href":"https:\/\/pasaenmendoza.com\/index.php?rest_route=\/wp\/v2\/posts\/12277\/revisions"}],"predecessor-version":[{"id":12279,"href":"https:\/\/pasaenmendoza.com\/index.php?rest_route=\/wp\/v2\/posts\/12277\/revisions\/12279"}],"wp:featuredmedia":[{"embeddable":true,"href":"https:\/\/pasaenmendoza.com\/index.php?rest_route=\/wp\/v2\/media\/12278"}],"wp:attachment":[{"href":"https:\/\/pasaenmendoza.com\/index.php?rest_route=%2Fwp%2Fv2%2Fmedia&parent=12277"}],"wp:term":[{"taxonomy":"category","embeddable":true,"href":"https:\/\/pasaenmendoza.com\/index.php?rest_route=%2Fwp%2Fv2%2Fcategories&post=12277"},{"taxonomy":"post_tag","embeddable":true,"href":"https:\/\/pasaenmendoza.com\/index.php?rest_route=%2Fwp%2Fv2%2Ftags&post=12277"}],"curies":[{"name":"wp","href":"https:\/\/api.w.org\/{rel}","templated":true}]}}