{"id":12284,"date":"2025-04-01T00:17:50","date_gmt":"2025-03-31T22:17:50","guid":{"rendered":"https:\/\/pasaenmendoza.com\/?p=12284"},"modified":"2025-04-01T00:17:51","modified_gmt":"2025-03-31T22:17:51","slug":"plan-de-alfabetizacion-las-escuelas-dedican-el-mes-de-abril-a-fomentar-la-lectura","status":"publish","type":"post","link":"https:\/\/pasaenmendoza.com\/?p=12284","title":{"rendered":"Plan de Alfabetizaci\u00f3n: las escuelas dedican el mes de abril a fomentar la lectura"},"content":{"rendered":"\n<p>Conforme a lo establecido por el\u00a0<strong>gobierno escolar,<\/strong>\u00a0durante esta semana, todas las\u00a0escuelas\u00a0comenzar\u00e1n a implementar el\u00a0<strong>Mes de la Lectura en Voz Alta<\/strong>, en el marco del Plan Jurisdiccional de Alfabetizaci\u00f3n y del Plan de Lectura y Escritura de Mendoza.\u00a0<strong>Desde la primera infancia hasta la educaci\u00f3n para j\u00f3venes y adultos, la Direcci\u00f3n General de Escuelas (DGE) ha preparado toda una propuesta de diversas actividades para estimular la\u00a0lectura en voz alta\u00a0en los distintos momentos de la vida escolar.<\/strong><\/p>\n\n\n\n<p>En el caso de la primera infancia y el nivel inicial se insistir\u00e1 mucho con la lectura no solamente de la docente hacia los chicos, sino tambi\u00e9n la parental: desde la familia. As\u00ed, a trav\u00e9s de cuentos cortos, los padres podr\u00e1n leer y estimular el desarrollo del vocabulario en los m\u00e1s chicos. En los casos de la primaria, la secundaria y la educaci\u00f3n permanente para j\u00f3venes y adultos, como tambi\u00e9n para los centros de Capacitaci\u00f3n para el Trabajo (CCT), se realizar\u00e1n distintas instancias o actividades, como compartir y leer hacia los dem\u00e1s.<\/p>\n\n\n\n<p>En las propuestas armadas para cada uno de los niveles hay sugerencias de autores y de material literario \u2500adaptado al estudiante y al nivel\u2500 que ya se encuentran disponibles en la biblioteca digital del portal educativo.<\/p>\n\n\n\n<p>Este programa, que durar\u00e1 un mes, permitir\u00e1 poner en valor la lectura en voz alta y ya es parte de la propuesta curricular de la escuela, al igual que del proyecto institucional de alfabetizaci\u00f3n que cada colegio formul\u00f3 en las jornadas de febrero.<\/p>\n\n\n\n<p>N\u00e9lida Maluf, directora de Planificaci\u00f3n de la Calidad Educativa, coment\u00f3 que durante abril se pondr\u00e1n el foco y la atenci\u00f3n en destacar esta tarea. \u201cEsto no significa que apenas termine abril se terminar\u00e1n estas actividades \u2500expres\u00f3 la funcionaria\u2500. Hay escuelas en donde los chicos de 7\u00b0 podr\u00e1n armar talleres para leerles cuentos, y hacerles t\u00edteres a chicos de primaria y jard\u00edn de infantes. Nos parece que es un espacio muy lindo de interacci\u00f3n entre los m\u00e1s grandes y los m\u00e1s chicos. Tambi\u00e9n pondremos en valor la biblioteca digital que tenemos, con peque\u00f1os y grandes lectores\u201d.<\/p>\n\n\n\n<p>La funcionaria destac\u00f3 que la lectura no es algo que se aprenda y se practique en la escuela, \u201cpor eso tambi\u00e9n est\u00e1 reforzada con una campa\u00f1a a trav\u00e9s de las redes y de los medios en distintos contextos, que no son solamente el escolar. Y haciendo visibles otras a personas, otros protagonistas del sistema, como son los adultos o las personas con discapacidad que tenemos en las escuelas especiales primarias. Ser\u00e1 una campa\u00f1a muy interesante\u201d, finaliz\u00f3 Maluf.<\/p>\n\n\n\n<p><strong>Fuente: www.diariomendoza.com.ar<\/strong><\/p>\n","protected":false},"excerpt":{"rendered":"<p>Conforme a lo establecido por el\u00a0gobierno escolar,\u00a0durante esta semana, todas las\u00a0escuelas\u00a0comenzar\u00e1n a implementar el\u00a0Mes de la Lectura en Voz Alta, en el marco del Plan Jurisdiccional de Alfabetizaci\u00f3n y del Plan de Lectura y Escritura de Mendoza.\u00a0Desde la primera infancia hasta la educaci\u00f3n para j\u00f3venes y adultos, la Direcci\u00f3n General de Escuelas (DGE) ha preparado [&hellip;]<\/p>\n","protected":false},"author":2,"featured_media":12285,"comment_status":"open","ping_status":"open","sticky":false,"template":"","format":"standard","meta":[],"categories":[56],"tags":[],"_links":{"self":[{"href":"https:\/\/pasaenmendoza.com\/index.php?rest_route=\/wp\/v2\/posts\/12284"}],"collection":[{"href":"https:\/\/pasaenmendoza.com\/index.php?rest_route=\/wp\/v2\/posts"}],"about":[{"href":"https:\/\/pasaenmendoza.com\/index.php?rest_route=\/wp\/v2\/types\/post"}],"author":[{"embeddable":true,"href":"https:\/\/pasaenmendoza.com\/index.php?rest_route=\/wp\/v2\/users\/2"}],"replies":[{"embeddable":true,"href":"https:\/\/pasaenmendoza.com\/index.php?rest_route=%2Fwp%2Fv2%2Fcomments&post=12284"}],"version-history":[{"count":1,"href":"https:\/\/pasaenmendoza.com\/index.php?rest_route=\/wp\/v2\/posts\/12284\/revisions"}],"predecessor-version":[{"id":12286,"href":"https:\/\/pasaenmendoza.com\/index.php?rest_route=\/wp\/v2\/posts\/12284\/revisions\/12286"}],"wp:featuredmedia":[{"embeddable":true,"href":"https:\/\/pasaenmendoza.com\/index.php?rest_route=\/wp\/v2\/media\/12285"}],"wp:attachment":[{"href":"https:\/\/pasaenmendoza.com\/index.php?rest_route=%2Fwp%2Fv2%2Fmedia&parent=12284"}],"wp:term":[{"taxonomy":"category","embeddable":true,"href":"https:\/\/pasaenmendoza.com\/index.php?rest_route=%2Fwp%2Fv2%2Fcategories&post=12284"},{"taxonomy":"post_tag","embeddable":true,"href":"https:\/\/pasaenmendoza.com\/index.php?rest_route=%2Fwp%2Fv2%2Ftags&post=12284"}],"curies":[{"name":"wp","href":"https:\/\/api.w.org\/{rel}","templated":true}]}}