{"id":12287,"date":"2025-04-01T00:21:36","date_gmt":"2025-03-31T22:21:36","guid":{"rendered":"https:\/\/pasaenmendoza.com\/?p=12287"},"modified":"2025-04-01T00:21:37","modified_gmt":"2025-03-31T22:21:37","slug":"santa-rosa-lanzo-un-proyecto-de-urbanizacion-y-pavimentacion-en-villa-cabecera","status":"publish","type":"post","link":"https:\/\/pasaenmendoza.com\/?p=12287","title":{"rendered":"Santa Rosa lanz\u00f3 un proyecto de urbanizaci\u00f3n y pavimentaci\u00f3n en Villa Cabecera"},"content":{"rendered":"\n<p>En un acto formal realizado en el distrito de Villa Cabecera, se present\u00f3 la obra de\u00a0<strong>\u201cConstrucci\u00f3n de Pavimento Asf\u00e1ltico y Urbanizaci\u00f3n en Calle Alejo Mallea\u201d<\/strong>. El proyecto, que abarcar\u00e1 un tramo clave de la zona, busca mejorar la infraestructura vial y urbana del departamento de<strong>\u00a0Santa Rosa<\/strong>.<\/p>\n\n\n\n<p>La intendenta\u00a0<strong>Flor Dest\u00e9fanis<\/strong>\u00a0destac\u00f3 la importancia de la obra para los vecinos de la calle Alejo Mallea:\u00a0<strong>\u201cCon esta obra, pronto los residentes de la calle Alejo Mallea tendr\u00e1n su arteria principal asfaltada, desde la Avenida San Mart\u00edn hasta Alberdi\u201d<\/strong>, expres\u00f3 la funcionaria. Adem\u00e1s, se\u00f1al\u00f3 que este proyecto permitir\u00e1 avanzar hacia una urbanizaci\u00f3n integral que brindar\u00e1 una mayor seguridad y confort a la comunidad.<\/p>\n\n\n\n<h4 class=\"wp-block-heading\"><strong>Caracter\u00edsticas del proyecto<\/strong><\/h4>\n\n\n\n<p>La obra abarca un tramo de la calle Alejo Mallea, desde la\u00a0<strong>Avenida San Mart\u00edn hasta la calle Alberdi<\/strong>, en el distrito de Villa Cabecera. Este tramo conecta la recientemente pavimentada calle Alberdi con la Avenida San Mart\u00edn, que es parte de la\u00a0<strong>Ruta Provincial N\u00b0 50<\/strong>.<\/p>\n\n\n\n<p>El proyecto incluye la\u00a0<strong>construcci\u00f3n\u00a0<\/strong>de\u00a0<strong>cordones, banquinas a ambos lados de la calle, alcantarillas, veredas y puentes peatonales en las esquinas<\/strong>, as\u00ed como\u00a0<strong>puentes vehiculares<\/strong>. Estas obras tienen como objetivo mejorar la circulaci\u00f3n tanto de veh\u00edculos como de peatones y fortalecer la infraestructura urbana de la zona.<\/p>\n\n\n\n<p>La ejecuci\u00f3n de esta obra ser\u00e1 un paso clave en el proceso de\u00a0<strong>urbanizaci\u00f3n de Villa Cabecera<\/strong>, mejorando las condiciones de seguridad vial y conectividad para la comunidad.<\/p>\n\n\n\n<p><strong>Fuente: www.diariomendoza.com.ar<\/strong><\/p>\n","protected":false},"excerpt":{"rendered":"<p>En un acto formal realizado en el distrito de Villa Cabecera, se present\u00f3 la obra de\u00a0\u201cConstrucci\u00f3n de Pavimento Asf\u00e1ltico y Urbanizaci\u00f3n en Calle Alejo Mallea\u201d. El proyecto, que abarcar\u00e1 un tramo clave de la zona, busca mejorar la infraestructura vial y urbana del departamento de\u00a0Santa Rosa. La intendenta\u00a0Flor Dest\u00e9fanis\u00a0destac\u00f3 la importancia de la obra para [&hellip;]<\/p>\n","protected":false},"author":2,"featured_media":12288,"comment_status":"open","ping_status":"open","sticky":false,"template":"","format":"standard","meta":[],"categories":[47],"tags":[],"_links":{"self":[{"href":"https:\/\/pasaenmendoza.com\/index.php?rest_route=\/wp\/v2\/posts\/12287"}],"collection":[{"href":"https:\/\/pasaenmendoza.com\/index.php?rest_route=\/wp\/v2\/posts"}],"about":[{"href":"https:\/\/pasaenmendoza.com\/index.php?rest_route=\/wp\/v2\/types\/post"}],"author":[{"embeddable":true,"href":"https:\/\/pasaenmendoza.com\/index.php?rest_route=\/wp\/v2\/users\/2"}],"replies":[{"embeddable":true,"href":"https:\/\/pasaenmendoza.com\/index.php?rest_route=%2Fwp%2Fv2%2Fcomments&post=12287"}],"version-history":[{"count":1,"href":"https:\/\/pasaenmendoza.com\/index.php?rest_route=\/wp\/v2\/posts\/12287\/revisions"}],"predecessor-version":[{"id":12289,"href":"https:\/\/pasaenmendoza.com\/index.php?rest_route=\/wp\/v2\/posts\/12287\/revisions\/12289"}],"wp:featuredmedia":[{"embeddable":true,"href":"https:\/\/pasaenmendoza.com\/index.php?rest_route=\/wp\/v2\/media\/12288"}],"wp:attachment":[{"href":"https:\/\/pasaenmendoza.com\/index.php?rest_route=%2Fwp%2Fv2%2Fmedia&parent=12287"}],"wp:term":[{"taxonomy":"category","embeddable":true,"href":"https:\/\/pasaenmendoza.com\/index.php?rest_route=%2Fwp%2Fv2%2Fcategories&post=12287"},{"taxonomy":"post_tag","embeddable":true,"href":"https:\/\/pasaenmendoza.com\/index.php?rest_route=%2Fwp%2Fv2%2Ftags&post=12287"}],"curies":[{"name":"wp","href":"https:\/\/api.w.org\/{rel}","templated":true}]}}