{"id":12290,"date":"2025-04-01T00:28:26","date_gmt":"2025-03-31T22:28:26","guid":{"rendered":"https:\/\/pasaenmendoza.com\/?p=12290"},"modified":"2025-04-01T00:28:27","modified_gmt":"2025-03-31T22:28:27","slug":"lujan-de-cuyo-prepara-un-emotivo-homenaje-por-el-dia-del-veterano-y-los-caidos-en-malvinas","status":"publish","type":"post","link":"https:\/\/pasaenmendoza.com\/?p=12290","title":{"rendered":"Luj\u00e1n de Cuyo prepara un emotivo homenaje por el D\u00eda del Veterano y los ca\u00eddos en Malvinas"},"content":{"rendered":"\n<p>El pr\u00f3ximo\u00a0<strong>mi\u00e9rcoles 2 de abril<\/strong>, la\u00a0<strong>Municipalidad de Luj\u00e1n de Cuyo<\/strong>\u00a0conmemorar\u00e1 un nuevo aniversario del\u00a0<strong>D\u00eda del Veterano y de los Ca\u00eddos en la Guerra de\u00a0Malvinas<\/strong>\u00a0con un acto en el\u00a0<strong>Parque C\u00edvico Municipal<\/strong>. La jornada, que iniciar\u00e1 a las\u00a0<strong>16:30<\/strong>, contar\u00e1 con\u00a0<strong>actividades protocolares, una propuesta gastron\u00f3mica y un cierre folcl\u00f3rico<\/strong>.<\/p>\n\n\n\n<p>El homenaje incluir\u00e1 la exhibici\u00f3n del\u00a0<strong>museo interactivo Experiencia Malvinas<\/strong>, una iniciativa que busca acercar a la comunidad a la historia del conflicto a trav\u00e9s de\u00a0<strong>elementos b\u00e9licos, muestras din\u00e1micas de acciones militares y actividades l\u00fadicas<\/strong>\u00a0para ni\u00f1os y adultos. Este espacio ser\u00e1 guiado por los propios\u00a0<strong>Veteranos\u00a0de Guerra<\/strong>, quienes compartir\u00e1n sus experiencias y responder\u00e1n preguntas de los visitantes.<\/p>\n\n\n\n<p>Como es tradici\u00f3n,\u00a0<strong>bandas militares<\/strong>\u00a0acompa\u00f1ar\u00e1n el acto, sumando su m\u00fasica a la conmemoraci\u00f3n. Adem\u00e1s, durante toda la jornada se ofrecer\u00e1\u00a0<strong>mate cocido y sopaipillas<\/strong>\u00a0a los asistentes, creando un espacio de encuentro y reflexi\u00f3n en torno a la memoria de los h\u00e9roes de Malvinas.<\/p>\n\n\n\n<p>El evento concluir\u00e1 con un&nbsp;<strong>espect\u00e1culo folcl\u00f3rico<\/strong>&nbsp;a cargo de&nbsp;<strong>Leo Rivero y Lucho Aberastain<\/strong>, que aportar\u00e1n su arte para cerrar la jornada con un sentido homenaje.<\/p>\n\n\n\n<p>Desde la\u00a0<strong>Municipalidad de Luj\u00e1n de Cuyo<\/strong>\u00a0destacaron la importancia de esta fecha en su rol como\u00a0<strong>Ciudad Malvinera<\/strong>, reafirmando su compromiso con la\u00a0<strong>memoria y el reconocimiento a los combatientes y ca\u00eddos en la guerra<\/strong>. La organizaci\u00f3n del evento se realiza en conjunto con las distintas\u00a0<strong>Asociaciones de Veteranos de Guerra<\/strong>\u00a0de la provincia de Mendoza.<\/p>\n\n\n\n<p><strong>Fuente: www.diariomendoza.com.ar<\/strong><\/p>\n","protected":false},"excerpt":{"rendered":"<p>El pr\u00f3ximo\u00a0mi\u00e9rcoles 2 de abril, la\u00a0Municipalidad de Luj\u00e1n de Cuyo\u00a0conmemorar\u00e1 un nuevo aniversario del\u00a0D\u00eda del Veterano y de los Ca\u00eddos en la Guerra de\u00a0Malvinas\u00a0con un acto en el\u00a0Parque C\u00edvico Municipal. La jornada, que iniciar\u00e1 a las\u00a016:30, contar\u00e1 con\u00a0actividades protocolares, una propuesta gastron\u00f3mica y un cierre folcl\u00f3rico. El homenaje incluir\u00e1 la exhibici\u00f3n del\u00a0museo interactivo Experiencia Malvinas, [&hellip;]<\/p>\n","protected":false},"author":2,"featured_media":12291,"comment_status":"open","ping_status":"open","sticky":false,"template":"","format":"standard","meta":[],"categories":[50],"tags":[],"_links":{"self":[{"href":"https:\/\/pasaenmendoza.com\/index.php?rest_route=\/wp\/v2\/posts\/12290"}],"collection":[{"href":"https:\/\/pasaenmendoza.com\/index.php?rest_route=\/wp\/v2\/posts"}],"about":[{"href":"https:\/\/pasaenmendoza.com\/index.php?rest_route=\/wp\/v2\/types\/post"}],"author":[{"embeddable":true,"href":"https:\/\/pasaenmendoza.com\/index.php?rest_route=\/wp\/v2\/users\/2"}],"replies":[{"embeddable":true,"href":"https:\/\/pasaenmendoza.com\/index.php?rest_route=%2Fwp%2Fv2%2Fcomments&post=12290"}],"version-history":[{"count":1,"href":"https:\/\/pasaenmendoza.com\/index.php?rest_route=\/wp\/v2\/posts\/12290\/revisions"}],"predecessor-version":[{"id":12292,"href":"https:\/\/pasaenmendoza.com\/index.php?rest_route=\/wp\/v2\/posts\/12290\/revisions\/12292"}],"wp:featuredmedia":[{"embeddable":true,"href":"https:\/\/pasaenmendoza.com\/index.php?rest_route=\/wp\/v2\/media\/12291"}],"wp:attachment":[{"href":"https:\/\/pasaenmendoza.com\/index.php?rest_route=%2Fwp%2Fv2%2Fmedia&parent=12290"}],"wp:term":[{"taxonomy":"category","embeddable":true,"href":"https:\/\/pasaenmendoza.com\/index.php?rest_route=%2Fwp%2Fv2%2Fcategories&post=12290"},{"taxonomy":"post_tag","embeddable":true,"href":"https:\/\/pasaenmendoza.com\/index.php?rest_route=%2Fwp%2Fv2%2Ftags&post=12290"}],"curies":[{"name":"wp","href":"https:\/\/api.w.org\/{rel}","templated":true}]}}