{"id":12293,"date":"2025-04-01T14:19:18","date_gmt":"2025-04-01T12:19:18","guid":{"rendered":"https:\/\/pasaenmendoza.com\/?p=12293"},"modified":"2025-04-01T14:19:19","modified_gmt":"2025-04-01T12:19:19","slug":"asi-estara-el-tiempo-este-martes-en-mendoza","status":"publish","type":"post","link":"https:\/\/pasaenmendoza.com\/?p=12293","title":{"rendered":"As\u00ed estar\u00e1 el tiempo este martes en Mendoza"},"content":{"rendered":"\n<p>Poca nubosidad con ascenso de la temperatura, vientos leves del noreste. Precipitaciones en alta cordillera, marca el pron\u00f3stico de&nbsp;<strong>Contingencias Clim\u00e1ticas<\/strong>&nbsp;para este martes.<\/p>\n\n\n\n<p>La m\u00e1xima rondar\u00e1 los 24 grados y la m\u00ednima estar\u00e1 entre los 8 y los 10\u00b0C.<\/p>\n\n\n\n<p>Para este mi\u00e9rcoles, que ser\u00e1 feriado en Argentina por la conmemoraci\u00f3n a los ca\u00eddos en la Guerra de las Malvinas, se espera que haya poca nubosidad con ascenso de la temperatura, vientos leves del sudeste y buenas condiciones meteorologicas.<\/p>\n\n\n\n<p>M\u00e1xima de 25 grados y una m\u00ednima de 13\u00b0.<\/p>\n\n\n\n<p><strong>Fuente: www.elsol.com.ar<\/strong><\/p>\n","protected":false},"excerpt":{"rendered":"<p>Poca nubosidad con ascenso de la temperatura, vientos leves del noreste. Precipitaciones en alta cordillera, marca el pron\u00f3stico de&nbsp;Contingencias Clim\u00e1ticas&nbsp;para este martes. La m\u00e1xima rondar\u00e1 los 24 grados y la m\u00ednima estar\u00e1 entre los 8 y los 10\u00b0C. Para este mi\u00e9rcoles, que ser\u00e1 feriado en Argentina por la conmemoraci\u00f3n a los ca\u00eddos en la Guerra [&hellip;]<\/p>\n","protected":false},"author":2,"featured_media":12294,"comment_status":"open","ping_status":"open","sticky":false,"template":"","format":"standard","meta":[],"categories":[52],"tags":[],"_links":{"self":[{"href":"https:\/\/pasaenmendoza.com\/index.php?rest_route=\/wp\/v2\/posts\/12293"}],"collection":[{"href":"https:\/\/pasaenmendoza.com\/index.php?rest_route=\/wp\/v2\/posts"}],"about":[{"href":"https:\/\/pasaenmendoza.com\/index.php?rest_route=\/wp\/v2\/types\/post"}],"author":[{"embeddable":true,"href":"https:\/\/pasaenmendoza.com\/index.php?rest_route=\/wp\/v2\/users\/2"}],"replies":[{"embeddable":true,"href":"https:\/\/pasaenmendoza.com\/index.php?rest_route=%2Fwp%2Fv2%2Fcomments&post=12293"}],"version-history":[{"count":1,"href":"https:\/\/pasaenmendoza.com\/index.php?rest_route=\/wp\/v2\/posts\/12293\/revisions"}],"predecessor-version":[{"id":12295,"href":"https:\/\/pasaenmendoza.com\/index.php?rest_route=\/wp\/v2\/posts\/12293\/revisions\/12295"}],"wp:featuredmedia":[{"embeddable":true,"href":"https:\/\/pasaenmendoza.com\/index.php?rest_route=\/wp\/v2\/media\/12294"}],"wp:attachment":[{"href":"https:\/\/pasaenmendoza.com\/index.php?rest_route=%2Fwp%2Fv2%2Fmedia&parent=12293"}],"wp:term":[{"taxonomy":"category","embeddable":true,"href":"https:\/\/pasaenmendoza.com\/index.php?rest_route=%2Fwp%2Fv2%2Fcategories&post=12293"},{"taxonomy":"post_tag","embeddable":true,"href":"https:\/\/pasaenmendoza.com\/index.php?rest_route=%2Fwp%2Fv2%2Ftags&post=12293"}],"curies":[{"name":"wp","href":"https:\/\/api.w.org\/{rel}","templated":true}]}}