{"id":12306,"date":"2025-04-02T00:23:41","date_gmt":"2025-04-01T22:23:41","guid":{"rendered":"https:\/\/pasaenmendoza.com\/?p=12306"},"modified":"2025-04-02T00:23:42","modified_gmt":"2025-04-01T22:23:42","slug":"lujan-de-cuyo-tendra-una-nueva-escuela-secundaria-y-en-un-lugar-clave-para-el-desarrollo-urbano","status":"publish","type":"post","link":"https:\/\/pasaenmendoza.com\/?p=12306","title":{"rendered":"Luj\u00e1n de Cuyo tendr\u00e1 una nueva escuela secundaria y en un lugar clave para el desarrollo urbano"},"content":{"rendered":"\n<p>La Subsecretar\u00eda de Infraestructura y Desarrollo Territorial realiz\u00f3 este martes el acto administrativo de\u00a0<strong>apertura de ofertas<\/strong>\u00a0para la\u00a0<strong>construcci\u00f3n\u00a0de una nueva\u00a0escuela<\/strong>\u00a0de nivel secundario en Ugarteche,\u00a0<strong>Luj\u00e1n de Cuyo<\/strong>.<\/p>\n\n\n\n<p>Hay cuatro constructoras que se presentaron y est\u00e1n interesadas en ejecutar la obra. Se trata de las empresas Calzetta SA, Mecall SRL, Hormicon SRL y CACSA. El pr\u00f3ximo paso ser\u00e1 la evaluaci\u00f3n de las ofertas econ\u00f3micas para seguir adelante con el proceso administrativo.<\/p>\n\n\n\n<h3 class=\"wp-block-heading\"><strong>Sobre el dise\u00f1o y la construcci\u00f3n<\/strong><\/h3>\n\n\n\n<p>El terreno donde se emplazar\u00e1 el edificio est\u00e1 entre calles Las Serran\u00edas, Valle Andino y El Piedemonte. El edificio tiene una superficie total de 2.407,66 m\u00b2 y fue concebido en un bloque que contendr\u00e1 aulas, talleres, un laboratorio, sanitarios, una biblioteca, un buffet, el gobierno y un sal\u00f3n de usos m\u00faltiples.<\/p>\n\n\n\n<p>Todos estos espacios estar\u00e1n conectados con las circulaciones pertinentes.<\/p>\n\n\n\n<p>La edificaci\u00f3n ser\u00e1 con el sistema tradicional: cubierta met\u00e1lica, pisos de granito reconstituido y pulido en obra, carpinter\u00eda de madera, met\u00e1lica y de aluminio, herrer\u00eda y cielorrasos de placas de yeso.<\/p>\n\n\n\n<p>Adem\u00e1s, la construcci\u00f3n del edificio permitir\u00e1 ordenar la matr\u00edcula de alumnos en funci\u00f3n de los espacios \u00e1ulicos necesarios para el buen funcionamiento de la escuela t\u00e9cnica y del Centro de Capacitaci\u00f3n para el Trabajo que ah\u00ed desarrollar\u00e1n tareas.<\/p>\n\n\n\n<p>Tambi\u00e9n se podr\u00e1 continuar con el programa Mejorar la Retenci\u00f3n, a lo largo de la propuesta educativa t\u00e9cnica de primero a sexto a\u00f1o.<\/p>\n\n\n\n<p><strong>Fuente: www.diariomendoza.com.ar<\/strong><\/p>\n","protected":false},"excerpt":{"rendered":"<p>La Subsecretar\u00eda de Infraestructura y Desarrollo Territorial realiz\u00f3 este martes el acto administrativo de\u00a0apertura de ofertas\u00a0para la\u00a0construcci\u00f3n\u00a0de una nueva\u00a0escuela\u00a0de nivel secundario en Ugarteche,\u00a0Luj\u00e1n de Cuyo. Hay cuatro constructoras que se presentaron y est\u00e1n interesadas en ejecutar la obra. Se trata de las empresas Calzetta SA, Mecall SRL, Hormicon SRL y CACSA. El pr\u00f3ximo paso ser\u00e1 [&hellip;]<\/p>\n","protected":false},"author":2,"featured_media":12307,"comment_status":"open","ping_status":"open","sticky":false,"template":"","format":"standard","meta":[],"categories":[56],"tags":[],"_links":{"self":[{"href":"https:\/\/pasaenmendoza.com\/index.php?rest_route=\/wp\/v2\/posts\/12306"}],"collection":[{"href":"https:\/\/pasaenmendoza.com\/index.php?rest_route=\/wp\/v2\/posts"}],"about":[{"href":"https:\/\/pasaenmendoza.com\/index.php?rest_route=\/wp\/v2\/types\/post"}],"author":[{"embeddable":true,"href":"https:\/\/pasaenmendoza.com\/index.php?rest_route=\/wp\/v2\/users\/2"}],"replies":[{"embeddable":true,"href":"https:\/\/pasaenmendoza.com\/index.php?rest_route=%2Fwp%2Fv2%2Fcomments&post=12306"}],"version-history":[{"count":1,"href":"https:\/\/pasaenmendoza.com\/index.php?rest_route=\/wp\/v2\/posts\/12306\/revisions"}],"predecessor-version":[{"id":12308,"href":"https:\/\/pasaenmendoza.com\/index.php?rest_route=\/wp\/v2\/posts\/12306\/revisions\/12308"}],"wp:featuredmedia":[{"embeddable":true,"href":"https:\/\/pasaenmendoza.com\/index.php?rest_route=\/wp\/v2\/media\/12307"}],"wp:attachment":[{"href":"https:\/\/pasaenmendoza.com\/index.php?rest_route=%2Fwp%2Fv2%2Fmedia&parent=12306"}],"wp:term":[{"taxonomy":"category","embeddable":true,"href":"https:\/\/pasaenmendoza.com\/index.php?rest_route=%2Fwp%2Fv2%2Fcategories&post=12306"},{"taxonomy":"post_tag","embeddable":true,"href":"https:\/\/pasaenmendoza.com\/index.php?rest_route=%2Fwp%2Fv2%2Ftags&post=12306"}],"curies":[{"name":"wp","href":"https:\/\/api.w.org\/{rel}","templated":true}]}}