{"id":12309,"date":"2025-04-02T00:26:36","date_gmt":"2025-04-01T22:26:36","guid":{"rendered":"https:\/\/pasaenmendoza.com\/?p=12309"},"modified":"2025-04-02T00:26:37","modified_gmt":"2025-04-01T22:26:37","slug":"mas-inclusion-mendoza-se-suma-de-lleno-al-dia-mundial-de-concientizacion-sobre-el-autismo","status":"publish","type":"post","link":"https:\/\/pasaenmendoza.com\/?p=12309","title":{"rendered":"M\u00e1s inclusi\u00f3n: Mendoza se suma de lleno al d\u00eda mundial de concientizaci\u00f3n sobre el autismo"},"content":{"rendered":"\n<p>Cada 2 de abril, el mundo se une para conmemorar el\u00a0<strong>D\u00eda Mundial de Concientizaci\u00f3n sobre el Autismo<\/strong>,\u00a0una fecha designada por la Organizaci\u00f3n de las Naciones Unidas (<strong>ONU<\/strong>) con el objetivo de sensibilizar a la sociedad sobre el\u00a0<strong>Trastorno del Espectro Autista (TEA)<\/strong>. Esta jornada busca promover la inclusi\u00f3n, comprensi\u00f3n y el respeto hacia las personas que viven con autismo, un trastorno neurol\u00f3gico que afecta la forma en que las personas se comunican, socializan y perciben el mundo que las rodea.<\/p>\n\n\n\n<p>El autismo es un espectro amplio, con manifestaciones que var\u00edan considerablemente de una persona a otra. Las personas con TEA pueden experimentar dificultades en \u00e1reas como la\u00a0<strong>interacci\u00f3n social<\/strong>, el\u00a0<strong>lenguaje<\/strong>\u00a0y el\u00a0<strong>comportamiento<\/strong>, pero cada individuo tiene su propia forma de vivir con este trastorno. En este sentido, la concientizaci\u00f3n es crucial para romper barreras sociales, eliminar estigmas y fomentar una mayor inclusi\u00f3n en todos los \u00e1mbitos de la vida.<\/p>\n\n\n\n<h4 class=\"wp-block-heading\"><strong>El compromiso mendocino con la inclusi\u00f3n<\/strong><\/h4>\n\n\n\n<p>En Mendoza, diversos organismos provinciales se suman a la conmemoraci\u00f3n de este d\u00eda y a la promoci\u00f3n de los derechos de las personas con autismo. La&nbsp;<strong>Direcci\u00f3n de Salud Mental y Consumos Problem\u00e1ticos<\/strong>&nbsp;del&nbsp;<strong>Ministerio de Salud y Deportes<\/strong>&nbsp;se encuentra fuertemente comprometida con la&nbsp;<strong>concientizaci\u00f3n sobre el autismo<\/strong>&nbsp;y la promoci\u00f3n de la inclusi\u00f3n de las personas con TEA en la sociedad mendocina. La entidad tambi\u00e9n trabaja en conjunto con otras organizaciones para garantizar que las personas con autismo tengan acceso a servicios y recursos necesarios para su integraci\u00f3n.<\/p>\n\n\n\n<p>Adem\u00e1s, la\u00a0<strong>Direcci\u00f3n de\u00a0Discapacidad<\/strong>\u00a0impulsa el\u00a0<strong>programa provincial Deseprec<\/strong>\u00a0(Detecci\u00f3n, Seguimiento y Estimulaci\u00f3n Temprana), que se dedica a la detecci\u00f3n temprana de trastornos en el espectro autista y ofrece un seguimiento integral desde la primera infancia. Este programa resulta esencial para mejorar la calidad de vida de los ni\u00f1os con TEA y sus familias, promoviendo la atenci\u00f3n integral y el desarrollo de habilidades para su participaci\u00f3n plena en la sociedad.<\/p>\n\n\n\n<p>En cuanto a las actividades visibles, desde 2007, el Ministerio de Salud y Deportes ilumina edificios p\u00fablicos en Mendoza con\u00a0<strong>luz azul<\/strong>, el color simb\u00f3lico del autismo, como una forma de\u00a0<strong>sensibilizar<\/strong>\u00a0y visibilizar las necesidades de las personas con TEA. Adem\u00e1s, iniciativas como la\u00a0<strong>&#8220;hora silenciosa&#8221;<\/strong>\u00a0en hipermercados y las\u00a0<strong>&#8220;funciones distendidas&#8221;<\/strong>\u00a0en cines permiten la inclusi\u00f3n de personas con TEA en espacios recreativos, facilitando su acceso a actividades cotidianas sin los estigmas y barreras sociales que pueden enfrentar.<\/p>\n\n\n\n<p><strong>Fuente: www.diariomendoza.com.ar<\/strong><\/p>\n","protected":false},"excerpt":{"rendered":"<p>Cada 2 de abril, el mundo se une para conmemorar el\u00a0D\u00eda Mundial de Concientizaci\u00f3n sobre el Autismo,\u00a0una fecha designada por la Organizaci\u00f3n de las Naciones Unidas (ONU) con el objetivo de sensibilizar a la sociedad sobre el\u00a0Trastorno del Espectro Autista (TEA). Esta jornada busca promover la inclusi\u00f3n, comprensi\u00f3n y el respeto hacia las personas que [&hellip;]<\/p>\n","protected":false},"author":2,"featured_media":12310,"comment_status":"open","ping_status":"open","sticky":false,"template":"","format":"standard","meta":[],"categories":[50],"tags":[],"_links":{"self":[{"href":"https:\/\/pasaenmendoza.com\/index.php?rest_route=\/wp\/v2\/posts\/12309"}],"collection":[{"href":"https:\/\/pasaenmendoza.com\/index.php?rest_route=\/wp\/v2\/posts"}],"about":[{"href":"https:\/\/pasaenmendoza.com\/index.php?rest_route=\/wp\/v2\/types\/post"}],"author":[{"embeddable":true,"href":"https:\/\/pasaenmendoza.com\/index.php?rest_route=\/wp\/v2\/users\/2"}],"replies":[{"embeddable":true,"href":"https:\/\/pasaenmendoza.com\/index.php?rest_route=%2Fwp%2Fv2%2Fcomments&post=12309"}],"version-history":[{"count":1,"href":"https:\/\/pasaenmendoza.com\/index.php?rest_route=\/wp\/v2\/posts\/12309\/revisions"}],"predecessor-version":[{"id":12311,"href":"https:\/\/pasaenmendoza.com\/index.php?rest_route=\/wp\/v2\/posts\/12309\/revisions\/12311"}],"wp:featuredmedia":[{"embeddable":true,"href":"https:\/\/pasaenmendoza.com\/index.php?rest_route=\/wp\/v2\/media\/12310"}],"wp:attachment":[{"href":"https:\/\/pasaenmendoza.com\/index.php?rest_route=%2Fwp%2Fv2%2Fmedia&parent=12309"}],"wp:term":[{"taxonomy":"category","embeddable":true,"href":"https:\/\/pasaenmendoza.com\/index.php?rest_route=%2Fwp%2Fv2%2Fcategories&post=12309"},{"taxonomy":"post_tag","embeddable":true,"href":"https:\/\/pasaenmendoza.com\/index.php?rest_route=%2Fwp%2Fv2%2Ftags&post=12309"}],"curies":[{"name":"wp","href":"https:\/\/api.w.org\/{rel}","templated":true}]}}