{"id":12315,"date":"2025-04-02T00:33:55","date_gmt":"2025-04-01T22:33:55","guid":{"rendered":"https:\/\/pasaenmendoza.com\/?p=12315"},"modified":"2025-04-02T00:33:56","modified_gmt":"2025-04-01T22:33:56","slug":"cornejo-anuncio-que-vuelven-los-telefonos-semipublicos-a-las-carceles-y-escaneos-como-en-el-aeropuerto","status":"publish","type":"post","link":"https:\/\/pasaenmendoza.com\/?p=12315","title":{"rendered":"Cornejo anunci\u00f3 que vuelven los tel\u00e9fonos semip\u00fablicos a las c\u00e1rceles y escaneos como en el aeropuerto"},"content":{"rendered":"\n<p>El gobernador\u00a0<strong>Alfredo Cornejo<\/strong>\u00a0anunci\u00f3, junto a la ministra de Seguridad, Mercedes Rus, que habr\u00e1n controles m\u00e1s estrictos en las\u00a0<strong>c\u00e1rceles\u00a0<\/strong>de Mendoza; con inhibidores de celulares, m\u00e1s requisas y la vuelta de los tel\u00e9fonos semip\u00fablicos para que los internos puedan comunicarse con sus familias, seg\u00fan un protocolo.<\/p>\n\n\n\n<p>En una conferencia de prensa que se realiz\u00f3 este martes en el penal de Cacheuta, Cornejo, Rus y autoridades del&nbsp;<strong>Servicio Penitenciario<\/strong>&nbsp;detallaron que se multiplicar\u00e1 el sistema de videovigilancia y que se instalar\u00e1 un sistema de scanner para el ingreso y la salida de las visitas, similar al que se utiliza en los aeropuertos.<\/p>\n\n\n\n<p>A la vez se implementar\u00e1 el\u00a0<strong>sistema TETRA<\/strong>\u00a0(plataforma de comunicaciones inal\u00e1mbrica que utiliza la Polic\u00eda), de circuito cerrado, para los trabajadores del\u00a0<strong>sistema penitenciario<\/strong>. El mandatario tambi\u00e9n se refiri\u00f3 al dato de la pobreza en Argentina.<\/p>\n\n\n\n<p>El gobernador destac\u00f3 la\u00a0incorporaci\u00f3n de \u00faltima tecnolog\u00eda para desalentar el delito dentro de las\u00a0<strong>c\u00e1rceles<\/strong>; y resalt\u00f3 la inversi\u00f3n y convenios con empresas para la formaci\u00f3n en oficios.<\/p>\n\n\n\n<p>Por su parte, Rus puso de relieve la eficiencia de este sistema para neutralizar la comunicaci\u00f3n intramuros y record\u00f3 que en pandemia se autorizaron 17.000 celulares en los&nbsp;<strong>penales<\/strong>.<\/p>\n\n\n\n<h2 class=\"wp-block-heading\">Cinco cambios clave en las c\u00e1rceles de Mendoza<\/h2>\n\n\n\n<h3 class=\"wp-block-heading\">1- Licitaci\u00f3n del sistema de georreferenciaci\u00f3n y bloqueo selectivo de se\u00f1ales<\/h3>\n\n\n\n<p>La implementaci\u00f3n de este sistema se enmarca en el\u00a0Decreto 552, que autoriza el llamado a licitaci\u00f3n y que fue publicado en el Bolet\u00edn Oficial el 26 de enero.<\/p>\n\n\n\n<p>Contempla la georreferenciaci\u00f3n y el bloqueo selectivo de se\u00f1ales, bajo la \u00f3rbita de la Subsecretar\u00eda de Tecnolog\u00eda Aplicada a la Seguridad, en coordinaci\u00f3n con el&nbsp;<strong>Servicio Penitenciario<\/strong>&nbsp;y la Direcci\u00f3n General de Investigaciones.<\/p>\n\n\n\n<p>Estos equipos se instalar\u00e1n en los 22 establecimientos penitenciarios que tiene la provincia, aunque se priorizar\u00e1 Almafuerte I y II, Boulogne Sur Mer y San Felipe.<\/p>\n\n\n\n<h3 class=\"wp-block-heading\">2- Sistema \u00danico de Ingreso a Unidades Penitenciarias<\/h3>\n\n\n\n<p>El segundo eje es el&nbsp;<strong>Sistema \u00danico de Ingreso a Unidades Penitenciarias<\/strong>, que establece un \u00fanico acceso para el ingreso y egreso de personas en los establecimientos de categor\u00edas A, B y C, conforme a la Resoluci\u00f3n 2649\/24 del Ministerio de Seguridad y Justicia. Este acceso contar\u00e1 con control biom\u00e9trico facial, portal detector de metales, videovigilancia y requisas seg\u00fan protocolo, garantizando un control tecnol\u00f3gico y digital unificado de visitas, penitenciarios, profesionales y otras personas autorizadas.<\/p>\n\n\n\n<h3 class=\"wp-block-heading\">3- Nuevo sistema de videovigilancia<\/h3>\n\n\n\n<p>Se implementar\u00e1 un nuevo&nbsp;<strong>Sistema de Videovigilancia&nbsp;<\/strong>para los ingresos \u00fanicos de penitenciaria, con la incorporaci\u00f3n de 300 c\u00e1maras de \u00faltima generaci\u00f3n con inteligencia artificial. La autorizaci\u00f3n para el llamado a licitaci\u00f3n ser\u00e1 publicada en los pr\u00f3ximos d\u00edas en el Bolet\u00edn Oficial, mientras se eval\u00faa la posible fecha de instalaci\u00f3n.<\/p>\n\n\n\n<h3 class=\"wp-block-heading\">4- Nuevo sistema de comunicaci\u00f3n para el Servicio Penitenciario<\/h3>\n\n\n\n<p>Otro de los ejes es el nuevo sistema de comunicaci\u00f3n para el&nbsp;<strong>Servicio Penitenciario<\/strong>. Para ello se har\u00e1 entrega de equipos de radiocomunicaci\u00f3n tetra que permitir\u00e1n mejorar la conectividad interna. Este sistema brindar\u00e1 mayores beneficios respecto al esquema actual, fortaleciendo la coordinaci\u00f3n y la seguridad operativa dentro de las unidades penitenciarias.<\/p>\n\n\n\n<h3 class=\"wp-block-heading\">5- Sistema de telefon\u00eda semip\u00fablica antivand\u00e1lica<\/h3>\n\n\n\n<p>Se implementar\u00e1 un sistema de telefon\u00eda semip\u00fablica antivand\u00e1lica, en el marco de la pol\u00edtica de retiro de&nbsp;<strong>celulares&nbsp;<\/strong>de las&nbsp;<strong>c\u00e1rceles<\/strong>. Se incorporar\u00e1n cerca de 200 tel\u00e9fonos de este tipo a lo largo del a\u00f1o, permitiendo la trazabilidad de las llamadas y evitando su uso irregular o con fines delictivos. Adem\u00e1s, el sistema notificar\u00e1 a la persona receptora de la llamada que esta se realiza desde un establecimiento penitenciario.<\/p>\n\n\n\n<h2 class=\"wp-block-heading\">Cornejo dijo que el dato de la pobreza es malo para el pa\u00eds<\/h2>\n\n\n\n<p>En medio del di\u00e1logo con los periodistas, Cornejo se refiri\u00f3 a los datos de la pobreza y la indigencia que se conocieron este lunes y que mostraron una baja en la segunda mitad del a\u00f1o y en la comparativa con el 2023.<\/p>\n\n\n\n<p>Sin embargo, el dirigente puso en consideraci\u00f3n el importante porcentaje que a\u00fan no puede alcanzar sus necesidades b\u00e1sicas y que gira en torno a&nbsp;<strong>446.995 personas<\/strong>&nbsp;en el \u00e1rea metropolitana.<\/p>\n\n\n\n<p>&#8220;La pobreza en Argentina es un dato que nos perjudica, tambi\u00e9n desde lo sentimental y los funcionarios con mayor obligaci\u00f3n&#8221;, analiz\u00f3.<\/p>\n\n\n\n<p>&#8220;La verdad es que los datos aunque sean en baja. Para que dimensionemos un pa\u00eds lim\u00edtrofe que yo se poner de ejemplo, que es Chile. Seg\u00fan como se lo registre tiene un 8% de pobreza. Y es una pobreza que cuando yo era adolescente era la que ten\u00eda Argentina. Por eso, a\u00fan en baja es malo&#8221;, ampli\u00f3.<\/p>\n\n\n\n<p>Parad\u00f3jamente mientras se registran estos datos de pobreza, &#8220;estamos viviendo un momento de auge econ\u00f3mico en el mundo. Hay m\u00e1s bienestar y la mayor\u00eda de los pa\u00edses reducen la<strong>&nbsp;pobreza<\/strong>, pero no la desigualdad&#8221;, recalc\u00f3.<\/p>\n\n\n\n<p>&#8220;Por qu\u00e9 hay una baja tan abrupta con respecto al semestre del 2023, la explicaci\u00f3n es la baja de la&nbsp;<strong>inflaci\u00f3n<\/strong>. La inflaci\u00f3n es la que levanta la pobreza. Porque el dato m\u00e1s importante es el ingreso. Cuando hay una recuperaci\u00f3n es porque baj\u00f3 la inflaci\u00f3n. Si seguimos en ese camino, se va a reducir m\u00e1s la pobreza&#8221;, analiz\u00f3.<\/p>\n\n\n\n<p>Frente al mejor escenario, el Gobernador reflexion\u00f3 que seguir\u00eda quedando la pobreza estructural que afecta a aquellas personas que &#8220;no tienen forma de salir porque no tienen herramientas y no son empleables&#8221;.<\/p>\n\n\n\n<p>En ese sentido, Cornejo subray\u00f3: &#8220;Querer hacer miner\u00eda sustentable es buscar reducir la pobreza, querer hacer energ\u00edas limpias y recuperar yacimientos es querer tener mejores salarios, reconvertir nuestro agro tambi\u00e9n. Creemos que en la etapa que viene del gobierno nacional tiene que trabajar en las pymes para fomentar el empleo&#8221;.<\/p>\n\n\n\n<p><strong>Fuente: www.diariouno.com.ar<\/strong><\/p>\n","protected":false},"excerpt":{"rendered":"<p>El gobernador\u00a0Alfredo Cornejo\u00a0anunci\u00f3, junto a la ministra de Seguridad, Mercedes Rus, que habr\u00e1n controles m\u00e1s estrictos en las\u00a0c\u00e1rceles\u00a0de Mendoza; con inhibidores de celulares, m\u00e1s requisas y la vuelta de los tel\u00e9fonos semip\u00fablicos para que los internos puedan comunicarse con sus familias, seg\u00fan un protocolo. En una conferencia de prensa que se realiz\u00f3 este martes en [&hellip;]<\/p>\n","protected":false},"author":2,"featured_media":12316,"comment_status":"open","ping_status":"open","sticky":false,"template":"","format":"standard","meta":[],"categories":[47],"tags":[],"_links":{"self":[{"href":"https:\/\/pasaenmendoza.com\/index.php?rest_route=\/wp\/v2\/posts\/12315"}],"collection":[{"href":"https:\/\/pasaenmendoza.com\/index.php?rest_route=\/wp\/v2\/posts"}],"about":[{"href":"https:\/\/pasaenmendoza.com\/index.php?rest_route=\/wp\/v2\/types\/post"}],"author":[{"embeddable":true,"href":"https:\/\/pasaenmendoza.com\/index.php?rest_route=\/wp\/v2\/users\/2"}],"replies":[{"embeddable":true,"href":"https:\/\/pasaenmendoza.com\/index.php?rest_route=%2Fwp%2Fv2%2Fcomments&post=12315"}],"version-history":[{"count":1,"href":"https:\/\/pasaenmendoza.com\/index.php?rest_route=\/wp\/v2\/posts\/12315\/revisions"}],"predecessor-version":[{"id":12317,"href":"https:\/\/pasaenmendoza.com\/index.php?rest_route=\/wp\/v2\/posts\/12315\/revisions\/12317"}],"wp:featuredmedia":[{"embeddable":true,"href":"https:\/\/pasaenmendoza.com\/index.php?rest_route=\/wp\/v2\/media\/12316"}],"wp:attachment":[{"href":"https:\/\/pasaenmendoza.com\/index.php?rest_route=%2Fwp%2Fv2%2Fmedia&parent=12315"}],"wp:term":[{"taxonomy":"category","embeddable":true,"href":"https:\/\/pasaenmendoza.com\/index.php?rest_route=%2Fwp%2Fv2%2Fcategories&post=12315"},{"taxonomy":"post_tag","embeddable":true,"href":"https:\/\/pasaenmendoza.com\/index.php?rest_route=%2Fwp%2Fv2%2Ftags&post=12315"}],"curies":[{"name":"wp","href":"https:\/\/api.w.org\/{rel}","templated":true}]}}