{"id":12318,"date":"2025-04-03T16:21:04","date_gmt":"2025-04-03T14:21:04","guid":{"rendered":"https:\/\/pasaenmendoza.com\/?p=12318"},"modified":"2025-04-03T16:21:05","modified_gmt":"2025-04-03T14:21:05","slug":"ingresa-un-frente-frio-a-mendoza-estara-ventoso-y-habra-un-marcado-descenso-de-la-temperatura","status":"publish","type":"post","link":"https:\/\/pasaenmendoza.com\/?p=12318","title":{"rendered":"Ingresa un frente fr\u00edo a Mendoza: estar\u00e1 ventoso y habr\u00e1 un marcado descenso de la temperatura"},"content":{"rendered":"\n<p>Tal como lo vienen anunciando los meteor\u00f3logos,&nbsp;<strong>este jueves ingresa a Mendoza un frente fr\u00edo&nbsp;<\/strong>que har\u00e1 descender notoriamente los registros t\u00e9rmicos, especialmente, durante las jornadas de viernes y s\u00e1bado.<\/p>\n\n\n\n<p>Seg\u00fan advirtieron los especialistas,&nbsp;<strong>el fen\u00f3meno se percibir\u00e1 durante el mediod\u00eda de este jueves<\/strong>, cuando ingrese viento del sector Sur que podr\u00eda llegar a ser rafagoso.<\/p>\n\n\n\n<p>La m\u00ednima para este d\u00eda ser\u00eda de 12 grados. En tanto,&nbsp;<strong>la m\u00e1xima llegar\u00eda a los 21.<\/strong>&nbsp;Podr\u00edan registrarse lloviznas leves hacia la noche en el sector cordillerano.<\/p>\n\n\n\n<p>El\u00a0<strong>viernes<\/strong>, estar\u00e1 nublado con tendencia a despejarse. Para esa jornada, la ma\u00f1ana estar\u00e1 muy fr\u00eda, con una m\u00ednima que rondar\u00e1 entre los 8 y los 10 grados, en tanto, la m\u00e1xima podr\u00eda llegar a los 16.<\/p>\n\n\n\n<p>Para el&nbsp;<strong>s\u00e1bado<\/strong>, la ma\u00f1ana ser\u00e1 mucho m\u00e1s fr\u00eda. El cielo estar\u00e1 despejado,&nbsp;<strong>la m\u00ednima ser\u00e1 de 6 o 7 grados<\/strong>&nbsp;y la m\u00e1xima podr\u00eda llegar a los 18 grados.<\/p>\n\n\n\n<p>Hay posibilidades de heladas parciales, especialmente, en zonas del Valle de Uco, donde se registrar\u00e1n temperaturas bajo cero.<\/p>\n\n\n\n<h2 class=\"wp-block-heading\" id=\"h-mejora-el-tiempo\">Mejora el tiempo<\/h2>\n\n\n\n<p>Para el\u00a0<strong>domingo<\/strong>\u00a0se pronostica un leve aumento de la temperatura. Estar\u00e1 soleado, pero fresco. La m\u00ednima ser\u00e1 de 11 grados y la m\u00e1xima ascender\u00e1 a los 23.<\/p>\n\n\n\n<p>El<strong>\u00a0lunes<\/strong>\u00a0se repiten las mismas condiciones meteorol\u00f3gicas, con una m\u00e1xima que ascender\u00e1 a los 25 grados. El cielo estar\u00e1 soleado.<\/p>\n\n\n\n<p><strong>Fuente: www.elsol.com.ar<\/strong><\/p>\n","protected":false},"excerpt":{"rendered":"<p>Tal como lo vienen anunciando los meteor\u00f3logos,&nbsp;este jueves ingresa a Mendoza un frente fr\u00edo&nbsp;que har\u00e1 descender notoriamente los registros t\u00e9rmicos, especialmente, durante las jornadas de viernes y s\u00e1bado. Seg\u00fan advirtieron los especialistas,&nbsp;el fen\u00f3meno se percibir\u00e1 durante el mediod\u00eda de este jueves, cuando ingrese viento del sector Sur que podr\u00eda llegar a ser rafagoso. La m\u00ednima [&hellip;]<\/p>\n","protected":false},"author":2,"featured_media":12319,"comment_status":"open","ping_status":"open","sticky":false,"template":"","format":"standard","meta":[],"categories":[52],"tags":[],"_links":{"self":[{"href":"https:\/\/pasaenmendoza.com\/index.php?rest_route=\/wp\/v2\/posts\/12318"}],"collection":[{"href":"https:\/\/pasaenmendoza.com\/index.php?rest_route=\/wp\/v2\/posts"}],"about":[{"href":"https:\/\/pasaenmendoza.com\/index.php?rest_route=\/wp\/v2\/types\/post"}],"author":[{"embeddable":true,"href":"https:\/\/pasaenmendoza.com\/index.php?rest_route=\/wp\/v2\/users\/2"}],"replies":[{"embeddable":true,"href":"https:\/\/pasaenmendoza.com\/index.php?rest_route=%2Fwp%2Fv2%2Fcomments&post=12318"}],"version-history":[{"count":1,"href":"https:\/\/pasaenmendoza.com\/index.php?rest_route=\/wp\/v2\/posts\/12318\/revisions"}],"predecessor-version":[{"id":12320,"href":"https:\/\/pasaenmendoza.com\/index.php?rest_route=\/wp\/v2\/posts\/12318\/revisions\/12320"}],"wp:featuredmedia":[{"embeddable":true,"href":"https:\/\/pasaenmendoza.com\/index.php?rest_route=\/wp\/v2\/media\/12319"}],"wp:attachment":[{"href":"https:\/\/pasaenmendoza.com\/index.php?rest_route=%2Fwp%2Fv2%2Fmedia&parent=12318"}],"wp:term":[{"taxonomy":"category","embeddable":true,"href":"https:\/\/pasaenmendoza.com\/index.php?rest_route=%2Fwp%2Fv2%2Fcategories&post=12318"},{"taxonomy":"post_tag","embeddable":true,"href":"https:\/\/pasaenmendoza.com\/index.php?rest_route=%2Fwp%2Fv2%2Ftags&post=12318"}],"curies":[{"name":"wp","href":"https:\/\/api.w.org\/{rel}","templated":true}]}}