{"id":1232,"date":"2023-09-06T15:10:12","date_gmt":"2023-09-06T13:10:12","guid":{"rendered":"https:\/\/pasaenmendoza.com\/?p=1232"},"modified":"2023-09-06T15:10:13","modified_gmt":"2023-09-06T13:10:13","slug":"otro-reves-judicial-para-sergio-salgado-le-rechazaron-la-domiciliaria-y-seguira-preso-6-anos-mas","status":"publish","type":"post","link":"https:\/\/pasaenmendoza.com\/?p=1232","title":{"rendered":"Otro rev\u00e9s judicial para Sergio Salgado: le rechazaron la domiciliaria y seguir\u00e1 preso 6 a\u00f1os m\u00e1s"},"content":{"rendered":"\n<p>El ex intendente de Santa Rosa,\u00a0<strong>Sergio Salgado, volvi\u00f3 a recibir un rev\u00e9s judicial<\/strong>\u00a0este martes cuando\u00a0<strong>se le rechaz\u00f3 su pedido para cumplir su condena en su casa paterna.<\/strong>\u00a0\u00c9l hab\u00eda argumentado que tiene un hermano discapacitado; que sus padres sufren enfermedades cr\u00f3nicas y que por tanto deb\u00eda hacerse cargo de ellos. Pero eso no bast\u00f3 para convencer a la jueza que lo mand\u00f3\u00a0<strong>de vuelta a la c\u00e1rcel<\/strong>.<\/p>\n\n\n\n<p>El rechazo se dio en una audiencia que se concret\u00f3 ante el Juzgado de Ejecuci\u00f3n Penal N\u00b01 de San Mart\u00edn, que lidera la<strong>&nbsp;jueza Mar\u00eda Laura Quatrini<\/strong>, encargada de corroborar el cumplimiento de las condenas de los internos de esa zona.<\/p>\n\n\n\n<p>Ese rev\u00e9s supone que\u00a0<strong>Salgado contin\u00fae cumpliendo su pena de 6 a\u00f1os en la c\u00e1rcel de San Felipe,<\/strong>\u00a0donde est\u00e1 alojado desde 2018. Esa pena se unific\u00f3 y creci\u00f3 en julio pasado, cuando el ex intendente del PJ, recibi\u00f3 una nueva condena por 7 causas de corrupci\u00f3n por\u00a0<strong>486 cheques que emiti\u00f3 sin fondos<\/strong>.<\/p>\n\n\n\n<p>Ante la magistrada, Salgado y su abogado Carlos Moyano argumentaron que adem\u00e1s de esas condiciones de salud de sus tres familiares directos, se suma que justamente por esas enfermedades&nbsp;<strong>nadie de su familia pudo dedicarse a trabajar la finca que fue sost\u00e9n econ\u00f3mico del grupo familiar<\/strong>.<\/p>\n\n\n\n<p>&#8220;Salgado tiene un hermano con una discapacidad motriz y con problemas renales. Su madre tiene diabetes tipo dos y su padre padece de una fuerte depresi\u00f3n desde hace a\u00f1os. Por todo eso nadie puede hacerse cargo de la finca que antes fue productiva, le gener\u00f3 ingresos para toda la familia y que\u00a0<strong>ahora deber\u00e1n vender porque est\u00e1 inactiva desde que \u00e9l fue a la c\u00e1rcel<\/strong>&#8221; ratific\u00f3 Moyano, y adelant\u00f3 que\u00a0<strong>apelar\u00e1 la decisi\u00f3n<\/strong>\u00a0de la jueza Quatrini.<\/p>\n\n\n\n<p>Cabe aclarar que el beneficio de la prisi\u00f3n domiciliaria se otorga\u00a0<strong>a quienes tienen m\u00e1s de 70 a\u00f1os, padecen una grave enfermedad o pueden probar que tienen familiares a su cargo<\/strong>.<\/p>\n\n\n\n<h2 class=\"wp-block-heading\">Salgado sum\u00f3 una nueva condena por corrupci\u00f3n<\/h2>\n\n\n\n<p>El 27 de julio el<strong>\u00a0ex intendente de Santa Rosa,\u00a0Sergio Salgado, sum\u00f3 a su larga lista de causas por corrupci\u00f3n<\/strong>\u00a0una nueva condena que lo obligar\u00e1 a\u00a0<strong>extender a 6 a\u00f1os<\/strong>\u00a0su estad\u00eda en la c\u00e1rcel.<\/p>\n\n\n\n<p>Fue en un juicio abreviado en el que&nbsp;<strong>recibi\u00f3 una pena de 3 a\u00f1os por 7 causas en las que se lo acus\u00f3 de administraci\u00f3n fraudulenta<\/strong>&nbsp;<strong>por emitir 486 cheques sin respaldo.<\/strong><\/p>\n\n\n\n<p>El ex jefe comunal del peronismo, que asumi\u00f3 su primera intendencia en el 2007, fue<strong>&nbsp;detenido<\/strong>&nbsp;por diversas causas de administraci\u00f3n fraudulenta en el 2016, cuando iba a asumir su cuarto mandato. Desde&nbsp;<strong>el 2018 pasa sus d\u00edas alojado en el pabell\u00f3n de funcionarios del penal de San Felipe.<\/strong>&nbsp;All\u00ed comparte pabell\u00f3n con un ex colega, el tambi\u00e9n ex intendente de Guaymall\u00e9n,&nbsp;<strong>Luis Lobos<\/strong>.<\/p>\n\n\n\n<p>En aquel momento, Salgado&nbsp;<strong>fue condenado a 5 a\u00f1os de prisi\u00f3n e inhabilitaci\u00f3n absoluta para ejercer cargos p\u00fablicos<\/strong>&nbsp;por los delitos de: concusi\u00f3n, desobediencia, malversaci\u00f3n de caudales p\u00fablicos y fraude a la administraci\u00f3n p\u00fablica en la modalidad de administraci\u00f3n infiel en grado de tentativa, todos en concurso real.<\/p>\n\n\n\n<p>El ex intendente santarosino fue condenado por emitir los mencionados 486 cheques sin el respaldo administrativo necesario. A eso se ados\u00f3 tambi\u00e9n una causa por&nbsp;<strong>violencia de g\u00e9nero contra su ex pareja<\/strong>.<\/p>\n\n\n\n<p>Ahora,&nbsp;<strong>si bien recibi\u00f3 una condena de 3 a\u00f1os de prisi\u00f3n efectiva, como esa condena se unifica con la que ya estaba cumpliendo, el ex intendente deber\u00e1 pagar en total 6 a\u00f1os tras las rejas<\/strong>, de los cuales ya cumpli\u00f3 casi dos. Por tanto deber\u00e1 cumplir&nbsp;<strong>al menos dos a\u00f1os m\u00e1s<\/strong>&nbsp;para poder solicitar la libertad condicional al alcanzar 2\/3 de la pena.<\/p>\n\n\n\n<p>Es que el dirigente del peronismo pas\u00f3 6 meses en prisi\u00f3n preventiva en San Felipe, luego consigui\u00f3 la prisi\u00f3n domiciliaria hasta el juicio del 2018 en que se lo encontr\u00f3 culpable del delito de corrupci\u00f3n y pese a que apel\u00f3,\u00a0<strong>m\u00e1s tarde la Suprema Corte de Justicia ratific\u00f3 esa condena<\/strong>.<\/p>\n\n\n\n<h2 class=\"wp-block-heading\">La causa por la Saladita<\/h2>\n\n\n\n<p>En 2018, el ex intendente kirchnerista fue condenado a 5 a\u00f1os de prisi\u00f3n por diversas causas, entre ellas una ligada al manejo irregular del estacionamiento del lugar en el que se asent\u00f3 La Saladita. Seg\u00fan aquella acusaci\u00f3n, Salgado le hab\u00eda dado &#8220;facilidades&#8221; a<strong>&nbsp;Jorge Castillo,&nbsp;<\/strong>el titular de &#8220;La Salada&#8221;, para instalarse en Santa Rosa.<\/p>\n\n\n\n<p>Una de las causas por las que Sergio Salgado debi\u00f3 responder en el juicio del 2018 fue por la irregular administraci\u00f3n del estacionamiento de La Saladita.<\/p>\n\n\n\n<p>Las &#8220;facilidades&#8221; consist\u00edan en&nbsp;<strong>no cobrarle el canon municipal<\/strong>, aunque el departamento se&nbsp;<strong>qued\u00f3 con la administraci\u00f3n de la playa de estacionamiento<\/strong>&nbsp;interna y exigi\u00f3 una contribuci\u00f3n entre 2013 y 2016.<\/p>\n\n\n\n<p>Lo recaudado era manejado por&nbsp;<strong>Marcial Gustavo Ibarra<\/strong>, condenado a tres a\u00f1os de prisi\u00f3n de &#8220;ejecuci\u00f3n condicional, e inhabilitaci\u00f3n absoluta y perpetua para el ejercicio de funciones en la administraci\u00f3n p\u00fablica&#8221;, quien luego le destinaba el dinero al ex intendente para su reparto.<\/p>\n\n\n\n<p>En tanto que la sentencia de malversaci\u00f3n de fondos le lleg\u00f3 por una&nbsp;<strong>construcci\u00f3n de una planta industrial que nunca realiz\u00f3 y por la que recibi\u00f3 $1,5 millones<\/strong>. Adem\u00e1s, fue condenado por&nbsp;<strong>desobediencia<\/strong>&nbsp;por no contestar a un pedido de la Fiscal\u00eda de Estado quien le solicit\u00f3 informaci\u00f3n sobre una licitaci\u00f3n.<\/p>\n\n\n\n<p>Por \u00faltimo, fue acusado y sentenciado por administraci\u00f3n infiel por<strong>&nbsp;los cheques que emiti\u00f3 el municipio para la compra de un combustible en un lubricentro<\/strong>&nbsp;que no era proveedor de esta comuna.<\/p>\n\n\n\n<p>En septiembre de 2022 tambi\u00e9n fue sentenciado por el delito de amenazas contra personal del Banco Naci\u00f3n.<\/p>\n\n\n\n<h2 class=\"wp-block-heading\">El rev\u00e9s de la Corte: las causas por corrupci\u00f3n no prescriben<\/h2>\n\n\n\n<p>Un fallo de la Sala II del m\u00e1ximo tribunal firmado por&nbsp;<strong>Mar\u00eda Teresa Day y las conjuezas Silvina Miquel y Gladys Marsala<\/strong>&nbsp;rechaz\u00f3 en mayo de este a\u00f1o un planteo de Salgado que apunt\u00f3 a que se declare nula la sentencia condenatoria a 5 a\u00f1os de prisi\u00f3n que la Justicia de Mendoza le impuso en junio de 2018.<\/p>\n\n\n\n<p>El ex jefe comunal&nbsp;<strong>argument\u00f3 la prescripci\u00f3n de la acci\u00f3n penal en el delito de fraude en grado de tentativa con fondos de la Municipalidad de Santa Rosa<\/strong>, uno de los cuales determin\u00f3 la condena hace 5 a\u00f1os.<\/p>\n\n\n\n<p>La Corte, integrada en este caso por Day, Marsala y Miquel, tom\u00f3 esta decisi\u00f3n bajo un argumento que ya hab\u00eda dejado claro hace un a\u00f1o:&nbsp;<strong>los delitos de corrupci\u00f3n en el ejercicio de la funci\u00f3n p\u00fablica no prescriben con el paso del tiempo.<\/strong><\/p>\n\n\n\n<p>Esta vez, la defensa t\u00e9cnica del santarrosino hab\u00eda argumentado en Casaci\u00f3n que su cliente fue condenado debido a &#8220;la violaci\u00f3n de principios del debido proceso, de legalidad y, por ende, de seguridad jur\u00eddica, y que el tribunal cuestionado -el Tribunal Penal Colegiado de San Mart\u00edn-<strong>&nbsp;ha actuado con tintes legislativos m\u00e1s que jurisdiccionales<\/strong>&#8220;.<\/p>\n\n\n\n<p>La Corte le contest\u00f3 que &#8220;<strong>los delitos graves dolosos cometidos contra el Estado que conllevan enriquecimiento \u2013corrupci\u00f3n p\u00fablica\u2013, son de car\u00e1cter imprescriptible<\/strong>&#8220;.<\/p>\n\n\n\n<p><strong>Fuente: www.diariouno.com.ar<\/strong><\/p>\n","protected":false},"excerpt":{"rendered":"<p>El ex intendente de Santa Rosa,\u00a0Sergio Salgado, volvi\u00f3 a recibir un rev\u00e9s judicial\u00a0este martes cuando\u00a0se le rechaz\u00f3 su pedido para cumplir su condena en su casa paterna.\u00a0\u00c9l hab\u00eda argumentado que tiene un hermano discapacitado; que sus padres sufren enfermedades cr\u00f3nicas y que por tanto deb\u00eda hacerse cargo de ellos. Pero eso no bast\u00f3 para convencer [&hellip;]<\/p>\n","protected":false},"author":2,"featured_media":1234,"comment_status":"open","ping_status":"open","sticky":false,"template":"","format":"standard","meta":[],"categories":[47],"tags":[],"_links":{"self":[{"href":"https:\/\/pasaenmendoza.com\/index.php?rest_route=\/wp\/v2\/posts\/1232"}],"collection":[{"href":"https:\/\/pasaenmendoza.com\/index.php?rest_route=\/wp\/v2\/posts"}],"about":[{"href":"https:\/\/pasaenmendoza.com\/index.php?rest_route=\/wp\/v2\/types\/post"}],"author":[{"embeddable":true,"href":"https:\/\/pasaenmendoza.com\/index.php?rest_route=\/wp\/v2\/users\/2"}],"replies":[{"embeddable":true,"href":"https:\/\/pasaenmendoza.com\/index.php?rest_route=%2Fwp%2Fv2%2Fcomments&post=1232"}],"version-history":[{"count":2,"href":"https:\/\/pasaenmendoza.com\/index.php?rest_route=\/wp\/v2\/posts\/1232\/revisions"}],"predecessor-version":[{"id":1236,"href":"https:\/\/pasaenmendoza.com\/index.php?rest_route=\/wp\/v2\/posts\/1232\/revisions\/1236"}],"wp:featuredmedia":[{"embeddable":true,"href":"https:\/\/pasaenmendoza.com\/index.php?rest_route=\/wp\/v2\/media\/1234"}],"wp:attachment":[{"href":"https:\/\/pasaenmendoza.com\/index.php?rest_route=%2Fwp%2Fv2%2Fmedia&parent=1232"}],"wp:term":[{"taxonomy":"category","embeddable":true,"href":"https:\/\/pasaenmendoza.com\/index.php?rest_route=%2Fwp%2Fv2%2Fcategories&post=1232"},{"taxonomy":"post_tag","embeddable":true,"href":"https:\/\/pasaenmendoza.com\/index.php?rest_route=%2Fwp%2Fv2%2Ftags&post=1232"}],"curies":[{"name":"wp","href":"https:\/\/api.w.org\/{rel}","templated":true}]}}