{"id":12321,"date":"2025-04-03T16:41:31","date_gmt":"2025-04-03T14:41:31","guid":{"rendered":"https:\/\/pasaenmendoza.com\/?p=12321"},"modified":"2025-04-03T16:41:32","modified_gmt":"2025-04-03T14:41:32","slug":"un-policia-esta-internado-tras-sufrir-un-fuerte-accidente-en-godoy-cruz","status":"publish","type":"post","link":"https:\/\/pasaenmendoza.com\/?p=12321","title":{"rendered":"Un polic\u00eda est\u00e1 internado tras sufrir un fuerte accidente en Godoy Cruz"},"content":{"rendered":"\n<p>Un\u00a0<strong>efectivo policial<\/strong>\u00a0se encuentra internado tras sufrir un grave accidente de tr\u00e1nsito ocurrido anoche en la intersecci\u00f3n de calles\u00a0<strong>Cabildo Abierto y San Mart\u00edn<\/strong>, del departamento de\u00a0<strong>Godoy Cruz<\/strong>.\u00a0<\/p>\n\n\n\n<p>El incidente tuvo lugar alrededor de las 21:57 de este mi\u00e9rcoles, cuando el Auxiliar 1\u00b0\u00a0<strong>Nelson Tejera<\/strong>, de 31 a\u00f1os y perteneciente a la Unidad Motorizada de Acci\u00f3n R\u00e1pida (UMAR) Central, circulaba en su moto Kawasaki KLR 650 CC.\u00a0<\/p>\n\n\n\n<p>Seg\u00fan el relato de un compa\u00f1ero,\u00a0<strong>Tejera<\/strong>\u00a0se encontr\u00f3 con un<strong>\u00a0cableado que estaba sobre la calzada, lo que provoc\u00f3 que perdiera el control de su moto.\u00a0<\/strong><\/p>\n\n\n\n<p>A ra\u00edz de la ca\u00edda, el&nbsp;<strong>polic\u00eda<\/strong>&nbsp;sufri\u00f3 un&nbsp;<strong>politraumatismo<\/strong>&nbsp;y fue asistido por el&nbsp;<strong>Servicio de Emergencias Coordinado (SEC)<\/strong>. Tras la evaluaci\u00f3n inicial, el oficial fue trasladado a la&nbsp;<strong>Cl\u00ednica Francesa<\/strong>, donde se le diagnostic\u00f3&nbsp;<strong>traumatismo encef\u00e1lico craneano con p\u00e9rdida de conocimiento, adem\u00e1s de una herida cortante en el cuero cabelludo<\/strong>. Actualmente,&nbsp;<strong>Tejera<\/strong>&nbsp;permanece internado para observaciones.<\/p>\n\n\n\n<p>Los informes indican que el accidente se produjo cuando el polic\u00eda realizaba patrullaje en la zona.\u00a0<strong>El cableado involucrado pertenece a la empresa S\u00fapercanal<\/strong>\u00a0<strong>y, seg\u00fan las autoridades, la fricci\u00f3n con la moto fue lo que caus\u00f3 la ca\u00edda.<\/strong><\/p>\n\n\n\n<p>Adem\u00e1s, como consecuencia del accidente, la moto de Tejera present\u00f3 da\u00f1os visibles, incluyendo abrasiones en el costado derecho del carenado y en el espejo retrovisor.<\/p>\n\n\n\n<p>Interviene Juzgado de Contravenci\u00f3n.<\/p>\n\n\n\n<p><strong>Fuente: www.mendozapost.com<\/strong><\/p>\n","protected":false},"excerpt":{"rendered":"<p>Un\u00a0efectivo policial\u00a0se encuentra internado tras sufrir un grave accidente de tr\u00e1nsito ocurrido anoche en la intersecci\u00f3n de calles\u00a0Cabildo Abierto y San Mart\u00edn, del departamento de\u00a0Godoy Cruz.\u00a0 El incidente tuvo lugar alrededor de las 21:57 de este mi\u00e9rcoles, cuando el Auxiliar 1\u00b0\u00a0Nelson Tejera, de 31 a\u00f1os y perteneciente a la Unidad Motorizada de Acci\u00f3n R\u00e1pida (UMAR) [&hellip;]<\/p>\n","protected":false},"author":2,"featured_media":12322,"comment_status":"open","ping_status":"open","sticky":false,"template":"","format":"standard","meta":[],"categories":[48],"tags":[],"_links":{"self":[{"href":"https:\/\/pasaenmendoza.com\/index.php?rest_route=\/wp\/v2\/posts\/12321"}],"collection":[{"href":"https:\/\/pasaenmendoza.com\/index.php?rest_route=\/wp\/v2\/posts"}],"about":[{"href":"https:\/\/pasaenmendoza.com\/index.php?rest_route=\/wp\/v2\/types\/post"}],"author":[{"embeddable":true,"href":"https:\/\/pasaenmendoza.com\/index.php?rest_route=\/wp\/v2\/users\/2"}],"replies":[{"embeddable":true,"href":"https:\/\/pasaenmendoza.com\/index.php?rest_route=%2Fwp%2Fv2%2Fcomments&post=12321"}],"version-history":[{"count":1,"href":"https:\/\/pasaenmendoza.com\/index.php?rest_route=\/wp\/v2\/posts\/12321\/revisions"}],"predecessor-version":[{"id":12323,"href":"https:\/\/pasaenmendoza.com\/index.php?rest_route=\/wp\/v2\/posts\/12321\/revisions\/12323"}],"wp:featuredmedia":[{"embeddable":true,"href":"https:\/\/pasaenmendoza.com\/index.php?rest_route=\/wp\/v2\/media\/12322"}],"wp:attachment":[{"href":"https:\/\/pasaenmendoza.com\/index.php?rest_route=%2Fwp%2Fv2%2Fmedia&parent=12321"}],"wp:term":[{"taxonomy":"category","embeddable":true,"href":"https:\/\/pasaenmendoza.com\/index.php?rest_route=%2Fwp%2Fv2%2Fcategories&post=12321"},{"taxonomy":"post_tag","embeddable":true,"href":"https:\/\/pasaenmendoza.com\/index.php?rest_route=%2Fwp%2Fv2%2Ftags&post=12321"}],"curies":[{"name":"wp","href":"https:\/\/api.w.org\/{rel}","templated":true}]}}