{"id":12325,"date":"2025-04-03T16:51:15","date_gmt":"2025-04-03T14:51:15","guid":{"rendered":"https:\/\/pasaenmendoza.com\/?p=12325"},"modified":"2025-04-03T16:51:16","modified_gmt":"2025-04-03T14:51:16","slug":"dos-camiones-chocaron-en-la-ruta-7-y-uno-de-ellos-termino-volcado","status":"publish","type":"post","link":"https:\/\/pasaenmendoza.com\/?p=12325","title":{"rendered":"Dos camiones chocaron en la Ruta 7 y uno de ellos termin\u00f3 volcado"},"content":{"rendered":"\n<p>Minutos antes de la medianoche de este jueves se produjo un&nbsp;<strong>choque<\/strong>&nbsp;entre&nbsp;<strong>dos camiones<\/strong>&nbsp;en la&nbsp;<strong>Ruta 7<\/strong>. Uno de los rodados termin\u00f3 volcado luego del impacto.<\/p>\n\n\n\n<p>El hecho tuvo lugar entre Cobos y Ruta 15, en medio de la&nbsp;<strong>Ruta 7.<\/strong>&nbsp;Ambos camiones circulaban de Oeste a Este y uno impact\u00f3 de atr\u00e1s al otro por lo que se desestabiliz\u00f3 perdiendo el dominio y volcando de forma instant\u00e1nea.<\/p>\n\n\n\n<p>El cami\u00f3n Mercedes Benz qued\u00f3 dado vuelta sobre el costado derecho de la margen Sur de la Ruta 7 sin interrumpir el tr\u00e1nsito. Mientras que el cami\u00f3n que lo colision\u00f3 por detr\u00e1s qued\u00f3 con la parte del semi remolque sobre la carpeta asf\u00e1ltica obstruyendo una parte de la calzada.<\/p>\n\n\n\n<p>Durante la noche, las autoridades viales lograron correr el cami\u00f3n que qued\u00f3 sobre la ruta y se esperaba por el trabajo de la gr\u00faa para retirar el rodado que hab\u00eda volcado.<\/p>\n\n\n\n<p><strong>No hubo heridos ni lesionados.<\/strong><\/p>\n\n\n\n<p><strong>Fuente: www.elsol.com.ar<\/strong><\/p>\n","protected":false},"excerpt":{"rendered":"<p>Minutos antes de la medianoche de este jueves se produjo un&nbsp;choque&nbsp;entre&nbsp;dos camiones&nbsp;en la&nbsp;Ruta 7. Uno de los rodados termin\u00f3 volcado luego del impacto. El hecho tuvo lugar entre Cobos y Ruta 15, en medio de la&nbsp;Ruta 7.&nbsp;Ambos camiones circulaban de Oeste a Este y uno impact\u00f3 de atr\u00e1s al otro por lo que se desestabiliz\u00f3 [&hellip;]<\/p>\n","protected":false},"author":2,"featured_media":12326,"comment_status":"open","ping_status":"open","sticky":false,"template":"","format":"standard","meta":[],"categories":[48],"tags":[],"_links":{"self":[{"href":"https:\/\/pasaenmendoza.com\/index.php?rest_route=\/wp\/v2\/posts\/12325"}],"collection":[{"href":"https:\/\/pasaenmendoza.com\/index.php?rest_route=\/wp\/v2\/posts"}],"about":[{"href":"https:\/\/pasaenmendoza.com\/index.php?rest_route=\/wp\/v2\/types\/post"}],"author":[{"embeddable":true,"href":"https:\/\/pasaenmendoza.com\/index.php?rest_route=\/wp\/v2\/users\/2"}],"replies":[{"embeddable":true,"href":"https:\/\/pasaenmendoza.com\/index.php?rest_route=%2Fwp%2Fv2%2Fcomments&post=12325"}],"version-history":[{"count":1,"href":"https:\/\/pasaenmendoza.com\/index.php?rest_route=\/wp\/v2\/posts\/12325\/revisions"}],"predecessor-version":[{"id":12327,"href":"https:\/\/pasaenmendoza.com\/index.php?rest_route=\/wp\/v2\/posts\/12325\/revisions\/12327"}],"wp:featuredmedia":[{"embeddable":true,"href":"https:\/\/pasaenmendoza.com\/index.php?rest_route=\/wp\/v2\/media\/12326"}],"wp:attachment":[{"href":"https:\/\/pasaenmendoza.com\/index.php?rest_route=%2Fwp%2Fv2%2Fmedia&parent=12325"}],"wp:term":[{"taxonomy":"category","embeddable":true,"href":"https:\/\/pasaenmendoza.com\/index.php?rest_route=%2Fwp%2Fv2%2Fcategories&post=12325"},{"taxonomy":"post_tag","embeddable":true,"href":"https:\/\/pasaenmendoza.com\/index.php?rest_route=%2Fwp%2Fv2%2Ftags&post=12325"}],"curies":[{"name":"wp","href":"https:\/\/api.w.org\/{rel}","templated":true}]}}