{"id":1233,"date":"2023-09-06T15:10:15","date_gmt":"2023-09-06T13:10:15","guid":{"rendered":"https:\/\/pasaenmendoza.com\/?p=1233"},"modified":"2023-09-06T15:10:17","modified_gmt":"2023-09-06T13:10:17","slug":"pronostico-en-mendoza-ascenso-de-la-temperatura-y-alerta-por-nevadas","status":"publish","type":"post","link":"https:\/\/pasaenmendoza.com\/?p=1233","title":{"rendered":"Pron\u00f3stico en Mendoza: ascenso de la temperatura y alerta por nevadas"},"content":{"rendered":"\n<p>El\u00a0<strong>mi\u00e9rcoles<\/strong>\u00a0llega con cielo parcialmente nublado, ascenso de la temperatura y vientos moderados del sudeste a partir de la tarde.\u00a0<mark>La m\u00ednima ser\u00e1 de 5 grados y la m\u00e1xima podr\u00eda trepar a los 19.<\/mark><\/p>\n\n\n\n<p>Adem\u00e1s, el\u00a0<strong>Servicio Meteorol\u00f3gico Nacional (SMN)<\/strong>\u00a0indica\u00a0<mark>alerta amarilla por intensas nevadas en cordillera.<\/mark><\/p>\n\n\n\n<p>Para el\u00a0<strong>jueves<\/strong>\u00a0se prev\u00e9 el ingreso de un frente fr\u00edo. La\u00a0<strong>Direcci\u00f3n de Contingencias Clim\u00e1ticas<\/strong>\u00a0indica: \u201cCielo mayormente nublado y fr\u00edo con lluvias y lloviznas, descenso de la temperatura, vientos moderados del sudeste. Nevadas en cordillera\u201d.\u00a0<mark>La m\u00ednima ser\u00e1 de 7 grados y la m\u00e1xima de 13.<\/mark><\/p>\n\n\n\n<p>En tanto, el\u00a0<strong>viernes<\/strong>\u00a0mejoran las condiciones. Cielo mayormente nublado, ascenso de la temperatura y vientos leves del noreste.\u00a0<mark>La m\u00ednima ser\u00e1 de 4 grados y la m\u00e1xima de 19.<\/mark><\/p>\n\n\n\n<p><strong>La situaci\u00f3n en alta monta\u00f1a<\/strong><\/p>\n\n\n\n<p>El\u00a0<strong>Sistema Integrado Cristo Redentor<\/strong>\u00a0se encuentra\u00a0<mark>cerrado<\/mark>, por intensas nevadas.<\/p>\n\n\n\n<p>El\u00a0<strong>paso Pehuenche<\/strong>\u00a0est\u00e1\u00a0<mark>intransitable<\/mark>\u00a0por tiempo indeterminado.<\/p>\n\n\n\n<p><strong>Fuente: www.elsol.com.ar<\/strong><\/p>\n","protected":false},"excerpt":{"rendered":"<p>El\u00a0mi\u00e9rcoles\u00a0llega con cielo parcialmente nublado, ascenso de la temperatura y vientos moderados del sudeste a partir de la tarde.\u00a0La m\u00ednima ser\u00e1 de 5 grados y la m\u00e1xima podr\u00eda trepar a los 19. Adem\u00e1s, el\u00a0Servicio Meteorol\u00f3gico Nacional (SMN)\u00a0indica\u00a0alerta amarilla por intensas nevadas en cordillera. Para el\u00a0jueves\u00a0se prev\u00e9 el ingreso de un frente fr\u00edo. La\u00a0Direcci\u00f3n de Contingencias [&hellip;]<\/p>\n","protected":false},"author":2,"featured_media":1237,"comment_status":"open","ping_status":"open","sticky":false,"template":"","format":"standard","meta":[],"categories":[52],"tags":[],"_links":{"self":[{"href":"https:\/\/pasaenmendoza.com\/index.php?rest_route=\/wp\/v2\/posts\/1233"}],"collection":[{"href":"https:\/\/pasaenmendoza.com\/index.php?rest_route=\/wp\/v2\/posts"}],"about":[{"href":"https:\/\/pasaenmendoza.com\/index.php?rest_route=\/wp\/v2\/types\/post"}],"author":[{"embeddable":true,"href":"https:\/\/pasaenmendoza.com\/index.php?rest_route=\/wp\/v2\/users\/2"}],"replies":[{"embeddable":true,"href":"https:\/\/pasaenmendoza.com\/index.php?rest_route=%2Fwp%2Fv2%2Fcomments&post=1233"}],"version-history":[{"count":1,"href":"https:\/\/pasaenmendoza.com\/index.php?rest_route=\/wp\/v2\/posts\/1233\/revisions"}],"predecessor-version":[{"id":1238,"href":"https:\/\/pasaenmendoza.com\/index.php?rest_route=\/wp\/v2\/posts\/1233\/revisions\/1238"}],"wp:featuredmedia":[{"embeddable":true,"href":"https:\/\/pasaenmendoza.com\/index.php?rest_route=\/wp\/v2\/media\/1237"}],"wp:attachment":[{"href":"https:\/\/pasaenmendoza.com\/index.php?rest_route=%2Fwp%2Fv2%2Fmedia&parent=1233"}],"wp:term":[{"taxonomy":"category","embeddable":true,"href":"https:\/\/pasaenmendoza.com\/index.php?rest_route=%2Fwp%2Fv2%2Fcategories&post=1233"},{"taxonomy":"post_tag","embeddable":true,"href":"https:\/\/pasaenmendoza.com\/index.php?rest_route=%2Fwp%2Fv2%2Ftags&post=1233"}],"curies":[{"name":"wp","href":"https:\/\/api.w.org\/{rel}","templated":true}]}}