{"id":12331,"date":"2025-04-04T02:24:06","date_gmt":"2025-04-04T00:24:06","guid":{"rendered":"https:\/\/pasaenmendoza.com\/?p=12331"},"modified":"2025-04-04T02:24:06","modified_gmt":"2025-04-04T00:24:06","slug":"definicion-electoral-en-mendoza-cornejo-evalua-unificar-los-comicios-legislativos-con-la-nacion","status":"publish","type":"post","link":"https:\/\/pasaenmendoza.com\/?p=12331","title":{"rendered":"Definici\u00f3n electoral en Mendoza: Cornejo eval\u00faa unificar los comicios legislativos con la Naci\u00f3n"},"content":{"rendered":"\n<p>A pocas semanas de que venza el plazo para definir el calendario electoral en Mendoza, el gobernador<strong>\u00a0Alfredo Cornejo se encuentra en la disyuntiva de\u00a0unificar las elecciones legislativas\u00a0con la Naci\u00f3n o mantenerlas separadas.\u00a0<\/strong>La decisi\u00f3n final se conocer\u00e1 este mes o, a m\u00e1s tardar, en los primeros d\u00edas de mayo.<\/p>\n\n\n\n<p>Si opta por la unificaci\u00f3n, Mendoza deber\u00eda modificar su cronograma actual, lo que implicar\u00eda la eliminaci\u00f3n de las Primarias Abiertas, Simult\u00e1neas y Obligatorias (PASO) para la categor\u00eda legislativa y la fijaci\u00f3n de los comicios en la fecha prevista a nivel nacional: el 26 de octubre, aunque esta a\u00fan no ha sido oficializada por decreto.<\/p>\n\n\n\n<h3 class=\"wp-block-heading\">Renovaci\u00f3n de bancas y definici\u00f3n municipal<\/h3>\n\n\n\n<p>En Mendoza, las\u00a0elecciones legislativas\u00a0de este a\u00f1o contemplan la renovaci\u00f3n de diputados nacionales, legisladores provinciales (diputados y senadores) y concejales en distintos municipios. En el caso de estos \u00faltimos, los intendentes tienen la facultad de definir si adhieren a la fecha provincial o si convocan a elecciones en otro momento.<\/p>\n\n\n\n<h3 class=\"wp-block-heading\">Una posible alianza y la inc\u00f3gnita electoral<\/h3>\n\n\n\n<p>En paralelo a la discusi\u00f3n sobre la\u00a0fecha de los comicios, Cornejo sigue explorando la posibilidad de una alianza electoral con La Libertad Avanza. Aunque por ahora las conversaciones han sido informales, desde ambas partes han manifestado la intenci\u00f3n de confluir en un acuerdo pol\u00edtico para la elecci\u00f3n de legisladores nacionales.<\/p>\n\n\n\n<p>Sin embargo, esta estrategia no define la fecha de los comicios provinciales, ya que el gobernador a\u00fan analiza si mantener el calendario desdoblado o realizar un cambio que requerir\u00eda aprobaci\u00f3n legislativa.<\/p>\n\n\n\n<h3 class=\"wp-block-heading\">Costos y log\u00edstica de la votaci\u00f3n<\/h3>\n\n\n\n<p>Otro punto en debate es el financiamiento del proceso electoral. Seg\u00fan la Junta Electoral provincial, Mendoza debe asumir los costos de sus elecciones, ya sea que se realicen en simult\u00e1neo con la Naci\u00f3n o por separado. Esto contradice la idea de que una unificaci\u00f3n generar\u00eda un ahorro para la provincia, argumento utilizado en ocasiones anteriores para justificar la simultaneidad de las votaciones.<\/p>\n\n\n\n<h3 class=\"wp-block-heading\">Bancas en juego en el Congreso<\/h3>\n\n\n\n<p>Cinco bancas de diputados nacionales por Mendoza est\u00e1n en disputa en estas elecciones. Los legisladores cuyos mandatos finalizan son Adolfo Bermejo y Liliana Paponet (peronismo), Julio Cobos y Pamela Verasay (radicalismo) y \u00c1lvaro Mart\u00ednez (La Libertad Avanza). Con este panorama, los principales espacios pol\u00edticos eval\u00faan sus estrategias de cara a la contienda electoral.<\/p>\n\n\n\n<p>Con el plazo l\u00edmite acerc\u00e1ndose, la definici\u00f3n de Cornejo marcar\u00e1 el rumbo electoral de la provincia en un contexto de negociaciones y reconfiguraci\u00f3n pol\u00edtica a nivel nacional.<\/p>\n\n\n\n<p><strong>Fuente: www.diariomendoza.com.ar<\/strong><\/p>\n","protected":false},"excerpt":{"rendered":"<p>A pocas semanas de que venza el plazo para definir el calendario electoral en Mendoza, el gobernador\u00a0Alfredo Cornejo se encuentra en la disyuntiva de\u00a0unificar las elecciones legislativas\u00a0con la Naci\u00f3n o mantenerlas separadas.\u00a0La decisi\u00f3n final se conocer\u00e1 este mes o, a m\u00e1s tardar, en los primeros d\u00edas de mayo. Si opta por la unificaci\u00f3n, Mendoza deber\u00eda [&hellip;]<\/p>\n","protected":false},"author":2,"featured_media":12332,"comment_status":"open","ping_status":"open","sticky":false,"template":"","format":"standard","meta":[],"categories":[47],"tags":[],"_links":{"self":[{"href":"https:\/\/pasaenmendoza.com\/index.php?rest_route=\/wp\/v2\/posts\/12331"}],"collection":[{"href":"https:\/\/pasaenmendoza.com\/index.php?rest_route=\/wp\/v2\/posts"}],"about":[{"href":"https:\/\/pasaenmendoza.com\/index.php?rest_route=\/wp\/v2\/types\/post"}],"author":[{"embeddable":true,"href":"https:\/\/pasaenmendoza.com\/index.php?rest_route=\/wp\/v2\/users\/2"}],"replies":[{"embeddable":true,"href":"https:\/\/pasaenmendoza.com\/index.php?rest_route=%2Fwp%2Fv2%2Fcomments&post=12331"}],"version-history":[{"count":1,"href":"https:\/\/pasaenmendoza.com\/index.php?rest_route=\/wp\/v2\/posts\/12331\/revisions"}],"predecessor-version":[{"id":12333,"href":"https:\/\/pasaenmendoza.com\/index.php?rest_route=\/wp\/v2\/posts\/12331\/revisions\/12333"}],"wp:featuredmedia":[{"embeddable":true,"href":"https:\/\/pasaenmendoza.com\/index.php?rest_route=\/wp\/v2\/media\/12332"}],"wp:attachment":[{"href":"https:\/\/pasaenmendoza.com\/index.php?rest_route=%2Fwp%2Fv2%2Fmedia&parent=12331"}],"wp:term":[{"taxonomy":"category","embeddable":true,"href":"https:\/\/pasaenmendoza.com\/index.php?rest_route=%2Fwp%2Fv2%2Fcategories&post=12331"},{"taxonomy":"post_tag","embeddable":true,"href":"https:\/\/pasaenmendoza.com\/index.php?rest_route=%2Fwp%2Fv2%2Ftags&post=12331"}],"curies":[{"name":"wp","href":"https:\/\/api.w.org\/{rel}","templated":true}]}}