{"id":12334,"date":"2025-04-04T02:27:22","date_gmt":"2025-04-04T00:27:22","guid":{"rendered":"https:\/\/pasaenmendoza.com\/?p=12334"},"modified":"2025-04-04T02:27:23","modified_gmt":"2025-04-04T00:27:23","slug":"la-drastica-medida-que-empezara-a-regir-en-chile-este-sabado-y-te-afectara-si-tenias-pensado-viajar","status":"publish","type":"post","link":"https:\/\/pasaenmendoza.com\/?p=12334","title":{"rendered":"La dr\u00e1stica medida que empezar\u00e1 a regir en Chile este s\u00e1bado y te afectar\u00e1 si ten\u00edas pensado viajar"},"content":{"rendered":"\n<p>Hasta ahora, realizar un viaje desde Argentina hacia\u00a0<strong>Chile<\/strong>\u00a0no ha generado complicaciones en cuanto a la adaptaci\u00f3n al sistema\u00a0<strong>horario<\/strong>\u00a0del pa\u00eds trasandino. Sin embargo, como es habitual cada a\u00f1o, este s\u00e1bado habr\u00e1 un cambio al respecto por lo que es crucial estar informado.<\/p>\n\n\n\n<p>El\u00a0<strong>cambio de hora<\/strong>\u00a0en\u00a0<strong>Chile<\/strong>\u00a0es un suceso que se repite dos veces por a\u00f1o, se\u00f1alando el paso del\u00a0<strong>horario<\/strong>\u00a0de verano al de invierno. Durante marzo,\u00a0muchos chilenos aprovechan las \u00faltimas semanas de luz solar prolongada, un beneficio del horario de verano.<\/p>\n\n\n\n<p>No obstante, este lapso llegar\u00e1 a su conclusi\u00f3n, y ser\u00e1 preciso ajustar los relojes para dar lugar al\u00a0<strong>horario<\/strong>\u00a0de invierno. Este ajuste busca perfeccionar el aprovechamiento de la luz natural y adaptar las actividades diarias a los cambios estacionales.<\/p>\n\n\n\n<h2 class=\"wp-block-heading\">El cambio de hora en Chile<\/h2>\n\n\n\n<p>El&nbsp;<strong>cambio de hora<\/strong>&nbsp;en&nbsp;<strong>Chile<\/strong>&nbsp;se har\u00e1 efectivo el pr\u00f3ximo s\u00e1bado. El Decreto Supremo N.\u00ba 224, del 13 de agosto de 2022, es la reglamentaci\u00f3n que rige la modificaci\u00f3n&nbsp;<strong>horaria<\/strong>&nbsp;en el pa\u00eds vecino. Esta norma establece que el horario de verano, actualmente en vigor, se extender\u00e1 hasta las 24 horas del primer s\u00e1bado de abril de 2025.<\/p>\n\n\n\n<p>Concretamente, el\u00a0<strong>horario<\/strong>\u00a0de invierno dar\u00e1 inicio al concluir el primer s\u00e1bado de abril, que en 2025 ser\u00e1 el 5 de abril. Ese d\u00eda, los relojes deber\u00e1n retrasarse 60 minutos, es decir, una hora. Con este ajuste,\u00a0<strong>Chile<\/strong>\u00a0continental, a excepci\u00f3n de la regi\u00f3n de Magallanes, adoptar\u00e1 la zona horaria GMT-4, equivalente al UTC-4.<\/p>\n\n\n\n<p>Este\u00a0<strong>cambio de hora<\/strong>\u00a0permitir\u00e1 a\u00a0<strong>Chile<\/strong>\u00a0regresar a su horario est\u00e1ndar, el UTC-4, durante los meses de invierno. Es fundamental tener en cuenta que los dispositivos digitales, como tel\u00e9fonos m\u00f3viles y computadoras, suelen actualizar la modificaci\u00f3n\u00a0<strong>horaria<\/strong>\u00a0de forma autom\u00e1tica.<\/p>\n\n\n\n<p><strong>Fuente: www.diariouno.com.ar<\/strong><\/p>\n","protected":false},"excerpt":{"rendered":"<p>Hasta ahora, realizar un viaje desde Argentina hacia\u00a0Chile\u00a0no ha generado complicaciones en cuanto a la adaptaci\u00f3n al sistema\u00a0horario\u00a0del pa\u00eds trasandino. Sin embargo, como es habitual cada a\u00f1o, este s\u00e1bado habr\u00e1 un cambio al respecto por lo que es crucial estar informado. El\u00a0cambio de hora\u00a0en\u00a0Chile\u00a0es un suceso que se repite dos veces por a\u00f1o, se\u00f1alando el [&hellip;]<\/p>\n","protected":false},"author":2,"featured_media":12335,"comment_status":"open","ping_status":"open","sticky":false,"template":"","format":"standard","meta":[],"categories":[50],"tags":[],"_links":{"self":[{"href":"https:\/\/pasaenmendoza.com\/index.php?rest_route=\/wp\/v2\/posts\/12334"}],"collection":[{"href":"https:\/\/pasaenmendoza.com\/index.php?rest_route=\/wp\/v2\/posts"}],"about":[{"href":"https:\/\/pasaenmendoza.com\/index.php?rest_route=\/wp\/v2\/types\/post"}],"author":[{"embeddable":true,"href":"https:\/\/pasaenmendoza.com\/index.php?rest_route=\/wp\/v2\/users\/2"}],"replies":[{"embeddable":true,"href":"https:\/\/pasaenmendoza.com\/index.php?rest_route=%2Fwp%2Fv2%2Fcomments&post=12334"}],"version-history":[{"count":1,"href":"https:\/\/pasaenmendoza.com\/index.php?rest_route=\/wp\/v2\/posts\/12334\/revisions"}],"predecessor-version":[{"id":12336,"href":"https:\/\/pasaenmendoza.com\/index.php?rest_route=\/wp\/v2\/posts\/12334\/revisions\/12336"}],"wp:featuredmedia":[{"embeddable":true,"href":"https:\/\/pasaenmendoza.com\/index.php?rest_route=\/wp\/v2\/media\/12335"}],"wp:attachment":[{"href":"https:\/\/pasaenmendoza.com\/index.php?rest_route=%2Fwp%2Fv2%2Fmedia&parent=12334"}],"wp:term":[{"taxonomy":"category","embeddable":true,"href":"https:\/\/pasaenmendoza.com\/index.php?rest_route=%2Fwp%2Fv2%2Fcategories&post=12334"},{"taxonomy":"post_tag","embeddable":true,"href":"https:\/\/pasaenmendoza.com\/index.php?rest_route=%2Fwp%2Fv2%2Ftags&post=12334"}],"curies":[{"name":"wp","href":"https:\/\/api.w.org\/{rel}","templated":true}]}}