{"id":12343,"date":"2025-04-04T15:46:46","date_gmt":"2025-04-04T13:46:46","guid":{"rendered":"https:\/\/pasaenmendoza.com\/?p=12343"},"modified":"2025-04-04T15:46:47","modified_gmt":"2025-04-04T13:46:47","slug":"el-tiempo-en-mendoza-viernes-nublado-y-con-descenso-de-la-temperatura","status":"publish","type":"post","link":"https:\/\/pasaenmendoza.com\/?p=12343","title":{"rendered":"El tiempo en Mendoza: viernes nublado y con descenso de la temperatura"},"content":{"rendered":"\n<p>Tal como estaba previsto,&nbsp;<strong>ingres\u00f3 el frente fr\u00edo a Mendoza<\/strong>&nbsp;y tanto las temperaturas m\u00ednimas como las m\u00e1ximas descender\u00e1n notablemente. Se prev\u00e9n heladas parciales en el Valle de Uco.<\/p>\n\n\n\n<p>De acuerdo con lo reportado por la Direcci\u00f3n de Contingencias Clim\u00e1ticas, para este\u00a0<strong>viernes<\/strong>\u00a0se prev\u00e9: \u201cAlgo nublado con descenso de la temperatura, vientos moderados del noreste\u201d.\u00a0<strong>La m\u00ednima ser\u00e1 de 8 y la m\u00e1xima de 19.<\/strong><\/p>\n\n\n\n<p>El&nbsp;<strong>s\u00e1bado&nbsp;<\/strong>estar\u00e1 con \u201cpoca nubosidad con ascenso de la temperatura, vientos leves del este. Heladas parciales\u201d.&nbsp;<strong>La m\u00ednima ser\u00e1 de 9 y la m\u00e1xima de 22.<\/strong>&nbsp;Se prev\u00e9n&nbsp;<strong>heladas en algunas zonas del Valle de Uco.<\/strong><\/p>\n\n\n\n<p>En tanto, el\u00a0<strong>domingo<\/strong>, mejoran las condiciones y el cielo estar\u00e1 parcialmente nublado a poco nuboso con ascenso de la temperatura, vientos leves del sudeste.\u00a0<strong>La m\u00ednima ser\u00e1 de 11 grados y la m\u00e1xima 26.<\/strong><\/p>\n\n\n\n<p><strong>Fuente: www.elsol.com.ar<\/strong><\/p>\n","protected":false},"excerpt":{"rendered":"<p>Tal como estaba previsto,&nbsp;ingres\u00f3 el frente fr\u00edo a Mendoza&nbsp;y tanto las temperaturas m\u00ednimas como las m\u00e1ximas descender\u00e1n notablemente. Se prev\u00e9n heladas parciales en el Valle de Uco. De acuerdo con lo reportado por la Direcci\u00f3n de Contingencias Clim\u00e1ticas, para este\u00a0viernes\u00a0se prev\u00e9: \u201cAlgo nublado con descenso de la temperatura, vientos moderados del noreste\u201d.\u00a0La m\u00ednima ser\u00e1 de [&hellip;]<\/p>\n","protected":false},"author":2,"featured_media":12344,"comment_status":"open","ping_status":"open","sticky":false,"template":"","format":"standard","meta":[],"categories":[52],"tags":[],"_links":{"self":[{"href":"https:\/\/pasaenmendoza.com\/index.php?rest_route=\/wp\/v2\/posts\/12343"}],"collection":[{"href":"https:\/\/pasaenmendoza.com\/index.php?rest_route=\/wp\/v2\/posts"}],"about":[{"href":"https:\/\/pasaenmendoza.com\/index.php?rest_route=\/wp\/v2\/types\/post"}],"author":[{"embeddable":true,"href":"https:\/\/pasaenmendoza.com\/index.php?rest_route=\/wp\/v2\/users\/2"}],"replies":[{"embeddable":true,"href":"https:\/\/pasaenmendoza.com\/index.php?rest_route=%2Fwp%2Fv2%2Fcomments&post=12343"}],"version-history":[{"count":1,"href":"https:\/\/pasaenmendoza.com\/index.php?rest_route=\/wp\/v2\/posts\/12343\/revisions"}],"predecessor-version":[{"id":12345,"href":"https:\/\/pasaenmendoza.com\/index.php?rest_route=\/wp\/v2\/posts\/12343\/revisions\/12345"}],"wp:featuredmedia":[{"embeddable":true,"href":"https:\/\/pasaenmendoza.com\/index.php?rest_route=\/wp\/v2\/media\/12344"}],"wp:attachment":[{"href":"https:\/\/pasaenmendoza.com\/index.php?rest_route=%2Fwp%2Fv2%2Fmedia&parent=12343"}],"wp:term":[{"taxonomy":"category","embeddable":true,"href":"https:\/\/pasaenmendoza.com\/index.php?rest_route=%2Fwp%2Fv2%2Fcategories&post=12343"},{"taxonomy":"post_tag","embeddable":true,"href":"https:\/\/pasaenmendoza.com\/index.php?rest_route=%2Fwp%2Fv2%2Ftags&post=12343"}],"curies":[{"name":"wp","href":"https:\/\/api.w.org\/{rel}","templated":true}]}}