{"id":12346,"date":"2025-04-04T15:51:33","date_gmt":"2025-04-04T13:51:33","guid":{"rendered":"https:\/\/pasaenmendoza.com\/?p=12346"},"modified":"2025-04-04T15:51:34","modified_gmt":"2025-04-04T13:51:34","slug":"detuvieron-a-dos-policias-por-un-operativo-trucho-en-maipu-las-camaras-los-delataron","status":"publish","type":"post","link":"https:\/\/pasaenmendoza.com\/?p=12346","title":{"rendered":"Detuvieron a dos polic\u00edas por un operativo trucho en Maip\u00fa: las c\u00e1maras los delataron"},"content":{"rendered":"\n<p>Dos efectivos de la Polic\u00eda Rural fueron detenidos la ma\u00f1ana de este viernes luego de una investigaci\u00f3n fiscal, sospechados de haber cometido un robo agravado en una vivienda del barrio Renacer de Maip\u00fa. Se trata de un oficial inspector y un oficial ayudante, quienes fueron aprehendidos este jueves tras una serie de de allanamientos en sus domicilios y lugares de trabajo.<\/p>\n\n\n\n<p>La medida fue dispuesta por el fiscal de Robos y Hurtos Oscar Malla, despu\u00e9s de semanas de an\u00e1lisis de las declaraciones, informes preventivos de Investigaciones y el material registrado por las c\u00e1maras de seguridad de la movilidad en la que se desplazaban los uniformados y fue detectada en la escena.<\/p>\n\n\n\n<p>El caso comenz\u00f3 a investigarse el mi\u00e9rcoles 6 de marzo por la tarde, cuando una mujer identificada como Carina Pacheco denunci\u00f3 que tres efectivos policiales irrumpieron en su vivienda sin orden judicial y se llevaron pertenencias de valor, incluyendo una suma de 535.000 pesos en efectivo.<\/p>\n\n\n\n<p>Seg\u00fan su relato, que luego se transform\u00f3 en denuncia, los uniformados llegaron en una camioneta azul, ingresaron a la fuerza tras patear la puerta de entrada y revisaron la casa durante unos 25 minutos. En ese lapso, causaron destrozos en varios electrodom\u00e9sticos y abandonaron el domicilio. Todo el accionar fue observado por vecinos de la mujer, quienes luego se transformaron en testigos de importancia para la instrucci\u00f3n.<\/p>\n\n\n\n<p>En su defensa, los sospechosos aseguraron inicialmente durante una medida que se realiz\u00f3 horas despu\u00e9s cuando el caso ya hab\u00eda generado repercusi\u00f3n en la propia fuerza, que persegu\u00edan a un joven que vest\u00eda pantal\u00f3n negro y remera blanca y que por ello ingresaron al domicilio sin la autorizaci\u00f3n correspondiente.<\/p>\n\n\n\n<p>Sin embargo, las im\u00e1genes de las c\u00e1maras de seguridad de la movilidad en la que se trasladaban contradijeron su versi\u00f3n. Tanto el video como el audio registrado por los dispositivos revelaron que los polic\u00edas no habr\u00edan actuado en persecuci\u00f3n de un sospechoso, sino que habr\u00edan ingresado a la vivienda con otro prop\u00f3sito previamente planificado. Es m\u00e1s, hasta ese supuesto malviviente camin\u00f3 cerca de ellos sin ser capturado mientras se met\u00edan en el domicilio, detallaron fuentes del caso.<\/p>\n\n\n\n<p>La instrucci\u00f3n tambi\u00e9n determin\u00f3 que una tercera polic\u00eda, mujer que formaba parte del operativo, desconoc\u00eda la verdadera intenci\u00f3n de sus compa\u00f1eros y crey\u00f3 que se trataba de un procedimiento leg\u00edtimo. Por ese motivo, su identidad se mantiene en reserva y fue citada este viernes como testigo en el expediente, ya que no ser\u00e1 imputada. Su declaraci\u00f3n tambi\u00e9n ser\u00e1 una de las clave para esclarecer lo sucedido.<\/p>\n\n\n\n<p>El Ministerio P\u00fablico tambi\u00e9n orden\u00f3 una serie de medidas para reconstruir el hecho luego de la denuncia inicial, entre ellas, el an\u00e1lisis de los audios y videos captados por las c\u00e1maras de la movilidad policial, as\u00ed como la recepci\u00f3n de testimonios de vecinos y testigos presenciales. Tambi\u00e9n se realiz\u00f3 un relevamiento en la Subcomisar\u00eda Lorenz, ubicada sobre calle Terrada, donde los efectivos de guardia manifestaron no haber recibido ninguna notificaci\u00f3n sobre un operativo en la zona cuando los efectivos de la Polic\u00eda Rural ingresaron a la propiedad, lo que reforz\u00f3 las sospechas en contra de los uniformados.<\/p>\n\n\n\n<p>Con los elementos recolectados, el fiscal Malla dispuso la detenci\u00f3n de los sospechosos, quienes ser\u00e1n imputados por el delito de robo agravado por efracci\u00f3n (delito que se comete cuando se roba algo de una propiedad habitada rompiendo una pared, puerta, ventana, techo o piso) y por ser miembros de una fuerza de seguridad, calificaci\u00f3n que podr\u00eda costarles varios a\u00f1os de c\u00e1rcel y ser exonerados de la fuerza.<\/p>\n\n\n\n<p>Las fuentes que hablaron con El Sol, que dio a conocer el caso a principios del mes pasado, se\u00f1alaron que en las pr\u00f3ximas horas se definir\u00e1 si permanecer\u00e1n detenidos o si se les concede alguna medida que les permita dejar una celda, siempre mientras contin\u00faa la investigaci\u00f3n para determinar el grado de responsabilidad de cada uno de los citados en el hecho.<\/p>\n\n\n\n<p><strong>Fuente: www.elsol.com.ar<\/strong><\/p>\n","protected":false},"excerpt":{"rendered":"<p>Dos efectivos de la Polic\u00eda Rural fueron detenidos la ma\u00f1ana de este viernes luego de una investigaci\u00f3n fiscal, sospechados de haber cometido un robo agravado en una vivienda del barrio Renacer de Maip\u00fa. Se trata de un oficial inspector y un oficial ayudante, quienes fueron aprehendidos este jueves tras una serie de de allanamientos en [&hellip;]<\/p>\n","protected":false},"author":2,"featured_media":12347,"comment_status":"open","ping_status":"open","sticky":false,"template":"","format":"standard","meta":[],"categories":[48],"tags":[],"_links":{"self":[{"href":"https:\/\/pasaenmendoza.com\/index.php?rest_route=\/wp\/v2\/posts\/12346"}],"collection":[{"href":"https:\/\/pasaenmendoza.com\/index.php?rest_route=\/wp\/v2\/posts"}],"about":[{"href":"https:\/\/pasaenmendoza.com\/index.php?rest_route=\/wp\/v2\/types\/post"}],"author":[{"embeddable":true,"href":"https:\/\/pasaenmendoza.com\/index.php?rest_route=\/wp\/v2\/users\/2"}],"replies":[{"embeddable":true,"href":"https:\/\/pasaenmendoza.com\/index.php?rest_route=%2Fwp%2Fv2%2Fcomments&post=12346"}],"version-history":[{"count":1,"href":"https:\/\/pasaenmendoza.com\/index.php?rest_route=\/wp\/v2\/posts\/12346\/revisions"}],"predecessor-version":[{"id":12348,"href":"https:\/\/pasaenmendoza.com\/index.php?rest_route=\/wp\/v2\/posts\/12346\/revisions\/12348"}],"wp:featuredmedia":[{"embeddable":true,"href":"https:\/\/pasaenmendoza.com\/index.php?rest_route=\/wp\/v2\/media\/12347"}],"wp:attachment":[{"href":"https:\/\/pasaenmendoza.com\/index.php?rest_route=%2Fwp%2Fv2%2Fmedia&parent=12346"}],"wp:term":[{"taxonomy":"category","embeddable":true,"href":"https:\/\/pasaenmendoza.com\/index.php?rest_route=%2Fwp%2Fv2%2Fcategories&post=12346"},{"taxonomy":"post_tag","embeddable":true,"href":"https:\/\/pasaenmendoza.com\/index.php?rest_route=%2Fwp%2Fv2%2Ftags&post=12346"}],"curies":[{"name":"wp","href":"https:\/\/api.w.org\/{rel}","templated":true}]}}