{"id":12349,"date":"2025-04-04T15:57:29","date_gmt":"2025-04-04T13:57:29","guid":{"rendered":"https:\/\/pasaenmendoza.com\/?p=12349"},"modified":"2025-04-04T15:57:30","modified_gmt":"2025-04-04T13:57:30","slug":"un-hombre-fue-asesinado-por-su-pareja-con-un-cuchillo-en-lujan","status":"publish","type":"post","link":"https:\/\/pasaenmendoza.com\/?p=12349","title":{"rendered":"Un hombre fue asesinado por su pareja con un cuchillo en Luj\u00e1n"},"content":{"rendered":"\n<p>En la\u00a0<strong>madrugada de este viernes<\/strong>\u00a0un hombre de 46 a\u00f1os, identificado como<strong>\u00a0Diego Gustavo G\u00f3mez Almonacid<\/strong>, fue asesinado en su hogar en el barrio\u00a0<strong>Jard\u00edn Agrelo<\/strong>, de\u00a0<strong>Luj\u00e1n de Cuyo<\/strong>.<\/p>\n\n\n\n<p>El hecho tuvo lugar alrededor de las 00:35, cuando\u00a0<strong>G\u00f3mez Almonacid<\/strong>\u00a0y\u00a0<strong>su pareja, una mujer de 52 a\u00f1os<\/strong>, se encontraban consumiendo bebidas alcoh\u00f3licas.\u00a0<\/p>\n\n\n\n<p>La mujer, detenida tras el hecho, le\u00a0<strong>infligi\u00f3 una herida cortopunzante en el pecho a su pareja, caus\u00e1ndole la muerte.\u00a0<\/strong>Algunos testimonios dieron cuenta de que el hombre habr\u00eda intentado agredir f\u00edsicamente a la mujer previamente.<\/p>\n\n\n\n<p>M\u00e9dicos del&nbsp;<strong>Servicio de Emergencias Coordinado (SEC<\/strong>) llegaron al lugar y confirmaron el deceso del hombre debido a la gravedad de la herida: lesi\u00f3n fue a la altura del t\u00f3rax, lo que caus\u00f3 la muerte casi instant\u00e1neamente.<\/p>\n\n\n\n<p>La Comisar\u00eda 48\u00b0 de Luj\u00e1n tom\u00f3 conocimiento del caso, y el fiscal de Homicidios,\u00a0<strong>Carlos Torres<\/strong>, se hizo presente en la escena del crimen. Siguiendo las instrucciones del Ayudante Fiscal en turno,\u00a0<strong>la mujer fue detenida<\/strong>\u00a0y trasladada a la Comisar\u00eda 11\u00b0 para prestar declaraci\u00f3n.<\/p>\n\n\n\n<p>Se ha informado adem\u00e1s que<strong>\u00a0la v\u00edctima contaba con antecedentes penales por amenazas graves con arma y robo agravado<\/strong>. La Oficina Fiscal de Luj\u00e1n de Cuyo est\u00e1 a cargo de la investigaci\u00f3n, que contin\u00faa en curso para esclarecer los detalles de este hecho.<\/p>\n\n\n\n<p><strong>Fuente: www.mendozapost.com<\/strong><\/p>\n","protected":false},"excerpt":{"rendered":"<p>En la\u00a0madrugada de este viernes\u00a0un hombre de 46 a\u00f1os, identificado como\u00a0Diego Gustavo G\u00f3mez Almonacid, fue asesinado en su hogar en el barrio\u00a0Jard\u00edn Agrelo, de\u00a0Luj\u00e1n de Cuyo. El hecho tuvo lugar alrededor de las 00:35, cuando\u00a0G\u00f3mez Almonacid\u00a0y\u00a0su pareja, una mujer de 52 a\u00f1os, se encontraban consumiendo bebidas alcoh\u00f3licas.\u00a0 La mujer, detenida tras el hecho, le\u00a0infligi\u00f3 una [&hellip;]<\/p>\n","protected":false},"author":2,"featured_media":12350,"comment_status":"open","ping_status":"open","sticky":false,"template":"","format":"standard","meta":[],"categories":[48],"tags":[],"_links":{"self":[{"href":"https:\/\/pasaenmendoza.com\/index.php?rest_route=\/wp\/v2\/posts\/12349"}],"collection":[{"href":"https:\/\/pasaenmendoza.com\/index.php?rest_route=\/wp\/v2\/posts"}],"about":[{"href":"https:\/\/pasaenmendoza.com\/index.php?rest_route=\/wp\/v2\/types\/post"}],"author":[{"embeddable":true,"href":"https:\/\/pasaenmendoza.com\/index.php?rest_route=\/wp\/v2\/users\/2"}],"replies":[{"embeddable":true,"href":"https:\/\/pasaenmendoza.com\/index.php?rest_route=%2Fwp%2Fv2%2Fcomments&post=12349"}],"version-history":[{"count":1,"href":"https:\/\/pasaenmendoza.com\/index.php?rest_route=\/wp\/v2\/posts\/12349\/revisions"}],"predecessor-version":[{"id":12351,"href":"https:\/\/pasaenmendoza.com\/index.php?rest_route=\/wp\/v2\/posts\/12349\/revisions\/12351"}],"wp:featuredmedia":[{"embeddable":true,"href":"https:\/\/pasaenmendoza.com\/index.php?rest_route=\/wp\/v2\/media\/12350"}],"wp:attachment":[{"href":"https:\/\/pasaenmendoza.com\/index.php?rest_route=%2Fwp%2Fv2%2Fmedia&parent=12349"}],"wp:term":[{"taxonomy":"category","embeddable":true,"href":"https:\/\/pasaenmendoza.com\/index.php?rest_route=%2Fwp%2Fv2%2Fcategories&post=12349"},{"taxonomy":"post_tag","embeddable":true,"href":"https:\/\/pasaenmendoza.com\/index.php?rest_route=%2Fwp%2Fv2%2Ftags&post=12349"}],"curies":[{"name":"wp","href":"https:\/\/api.w.org\/{rel}","templated":true}]}}