{"id":12355,"date":"2025-04-04T19:53:08","date_gmt":"2025-04-04T17:53:08","guid":{"rendered":"https:\/\/pasaenmendoza.com\/?p=12355"},"modified":"2025-04-04T19:53:09","modified_gmt":"2025-04-04T17:53:09","slug":"cornejo-extendio-la-vigencia-de-los-contratos-de-empleados-estatales-hasta-fin-de-ano","status":"publish","type":"post","link":"https:\/\/pasaenmendoza.com\/?p=12355","title":{"rendered":"Cornejo extendi\u00f3 la vigencia de los contratos de empleados estatales hasta fin de a\u00f1o"},"content":{"rendered":"\n<p>Con el decreto 601, el gobernador\u00a0<strong>Alfredo Cornejo<\/strong>\u00a0decidi\u00f3 extender la vigencia de los contratos de\u00a0<strong>empleados estatales<\/strong>\u00a0hasta fin de a\u00f1o. Se trata de los contratos que vencieron el 31 de marzo, y que se pagan con recursos de Rentas Generales o con fondos provinciales y nacionales afectados.<\/p>\n\n\n\n<p>El&nbsp;<strong>decreto<\/strong>, que se public\u00f3 este jueves en el Bolet\u00edn Oficial, hace la salvedad de que la medida se mantendr\u00e1 &#8220;siempre que la efectiva recaudaci\u00f3n lo permita&#8221; y lleva la firma de los 7 ministros del gabinete provincial.<\/p>\n\n\n\n<p>La extensi\u00f3n de contratos que se hizo de manera autom\u00e1tica desde el 1 de abril hasta el 31 de diciembre alcanza a empleados&nbsp;<strong>interinos, adscritos, contratados en planta temporaria<\/strong>&nbsp;y beneficiarios de adicionales o suplementos.<\/p>\n\n\n\n<p>Tambi\u00e9n incluye a aquellos que prestan servicios bajo reg\u00edmenes de\u00a0<strong>locaci\u00f3n de obras o servicios<\/strong>\u00a0y honorarios en el marco del sistema de Horas M\u00f3dulo Deportivo.<\/p>\n\n\n\n<p>Adem\u00e1s, contempla la extensi\u00f3n de los contratos vinculados a la&nbsp;<strong>Unidad de Financiamiento Internacional (UFI<\/strong>), y se financiar\u00e1n con fondos de Organismos de Cr\u00e9dito Internacionales, con la idea de facilitar la continuidad de las obras que costean esos mismos organismos.<\/p>\n\n\n\n<p>En paralelo, el decreto abre la posibilidad de que los ministros y las autoridades de los entes descentralizados podr\u00e1n disponer modificaciones o ceses en casos particulares a lo largo del per\u00edodo de pr\u00f3rroga, aunque deber\u00e1n mediante la emisi\u00f3n de la&nbsp;<strong>norma legal&nbsp;<\/strong>correspondiente.<\/p>\n\n\n\n<p>Adem\u00e1s, los organismos administrativos deber\u00e1n adecuar las partidas presupuestarias y realizar los procedimientos necesarios para garantizar la ejecuci\u00f3n de los pagos correspondientes a los&nbsp;<strong>trabajadores<\/strong>&nbsp;alcanzados por la medida.<\/p>\n\n\n\n<h2 class=\"wp-block-heading\">El ingreso de empleados estatales a planta permanente es por concurso<\/h2>\n\n\n\n<p>En septiembre pasado, la Corte Suprema declar\u00f3 la inconstitucionalidad del ingreso al Estado de trabajadores sin\u00a0<strong>concurso<\/strong>\u00a0de antecedentes, y el gobierno de\u00a0<strong>Alfredo Cornejo<\/strong>\u00a0lo aplaudi\u00f3.<\/p>\n\n\n\n<p>Es que con ese fallo, el Gobierno entendi\u00f3 que contaba con un instrumento para decidir el destino de unos 7.800&nbsp;<strong>empleados estatales<\/strong>&nbsp;en esa situaci\u00f3n.<\/p>\n\n\n\n<p>En aquel momento se confirm\u00f3 que al&nbsp;<strong>menos un 10% del total de empleados p\u00fablicos<\/strong>&nbsp;ingresaron a planta permanente del Estado hace 10 a\u00f1os.<\/p>\n\n\n\n<p>Al fin de su mandato,&nbsp;<strong>Francisco Paco P\u00e9rez&nbsp;<\/strong>hab\u00eda dejado<strong>&nbsp;110.000 empleados<\/strong>&nbsp;dentro de la administraci\u00f3n p\u00fablica.<\/p>\n\n\n\n<p>Desde entonces, entre personal que se jubil\u00f3, fallecimientos, renuncias y despidos, el sector p\u00fablico de Mendoza se achic\u00f3 bastante.<\/p>\n\n\n\n<p>A fines del 2024, sobre una n\u00f3mina de\u00a0<strong>94.700 trabajadores\u00a0<\/strong>repartidos en 18 reg\u00edmenes salariales, se puso<strong>\u00a0la lupa sobre unos 1000 empleados<\/strong>.<\/p>\n\n\n\n<p><strong>Fuente: www.diariouno.com.ar<\/strong><\/p>\n","protected":false},"excerpt":{"rendered":"<p>Con el decreto 601, el gobernador\u00a0Alfredo Cornejo\u00a0decidi\u00f3 extender la vigencia de los contratos de\u00a0empleados estatales\u00a0hasta fin de a\u00f1o. Se trata de los contratos que vencieron el 31 de marzo, y que se pagan con recursos de Rentas Generales o con fondos provinciales y nacionales afectados. El&nbsp;decreto, que se public\u00f3 este jueves en el Bolet\u00edn Oficial, [&hellip;]<\/p>\n","protected":false},"author":2,"featured_media":12356,"comment_status":"open","ping_status":"open","sticky":false,"template":"","format":"standard","meta":[],"categories":[47],"tags":[],"_links":{"self":[{"href":"https:\/\/pasaenmendoza.com\/index.php?rest_route=\/wp\/v2\/posts\/12355"}],"collection":[{"href":"https:\/\/pasaenmendoza.com\/index.php?rest_route=\/wp\/v2\/posts"}],"about":[{"href":"https:\/\/pasaenmendoza.com\/index.php?rest_route=\/wp\/v2\/types\/post"}],"author":[{"embeddable":true,"href":"https:\/\/pasaenmendoza.com\/index.php?rest_route=\/wp\/v2\/users\/2"}],"replies":[{"embeddable":true,"href":"https:\/\/pasaenmendoza.com\/index.php?rest_route=%2Fwp%2Fv2%2Fcomments&post=12355"}],"version-history":[{"count":1,"href":"https:\/\/pasaenmendoza.com\/index.php?rest_route=\/wp\/v2\/posts\/12355\/revisions"}],"predecessor-version":[{"id":12357,"href":"https:\/\/pasaenmendoza.com\/index.php?rest_route=\/wp\/v2\/posts\/12355\/revisions\/12357"}],"wp:featuredmedia":[{"embeddable":true,"href":"https:\/\/pasaenmendoza.com\/index.php?rest_route=\/wp\/v2\/media\/12356"}],"wp:attachment":[{"href":"https:\/\/pasaenmendoza.com\/index.php?rest_route=%2Fwp%2Fv2%2Fmedia&parent=12355"}],"wp:term":[{"taxonomy":"category","embeddable":true,"href":"https:\/\/pasaenmendoza.com\/index.php?rest_route=%2Fwp%2Fv2%2Fcategories&post=12355"},{"taxonomy":"post_tag","embeddable":true,"href":"https:\/\/pasaenmendoza.com\/index.php?rest_route=%2Fwp%2Fv2%2Ftags&post=12355"}],"curies":[{"name":"wp","href":"https:\/\/api.w.org\/{rel}","templated":true}]}}