{"id":12358,"date":"2025-04-04T19:57:17","date_gmt":"2025-04-04T17:57:17","guid":{"rendered":"https:\/\/pasaenmendoza.com\/?p=12358"},"modified":"2025-04-04T19:57:18","modified_gmt":"2025-04-04T17:57:18","slug":"una-cumbre-reunio-a-80-intendentes-de-todo-el-pais-en-godoy-cruz-por-la-lucha-contra-el-cambio-climatico","status":"publish","type":"post","link":"https:\/\/pasaenmendoza.com\/?p=12358","title":{"rendered":"Una cumbre reuni\u00f3 a 80 intendentes de todo el pa\u00eds en Godoy Cruz por la lucha contra el cambio clim\u00e1tico"},"content":{"rendered":"\n<p>El Espacio Arizu fue el escenario de la VII Asamblea Nacional de Intendentes de la Red Argentina de Municipios frente al Cambio Clim\u00e1tico (RAMCC). Durante el evento, que se est\u00e1 desarrollando en estos d\u00edas,&nbsp;<strong>m\u00e1s de 80 intendentes de todo el pa\u00eds<\/strong>&nbsp;reafirmaron la importancia del rol de los municipios en la&nbsp;<strong>acci\u00f3n clim\u00e1tica<\/strong>. Tambi\u00e9n, se destacan los avances logrados en distintas localidades argentinas.<\/p>\n\n\n\n<p>En su discurso de apertura, la&nbsp;<strong>presidenta de la Fundaci\u00f3n Friedrich Ebert en Argentina, Dra. Svenja Blanke<\/strong>, resalt\u00f3 el papel fundamental de los municipios en la lucha contra el cambio clim\u00e1tico.&nbsp;<strong>\u201cLas intendencias aqu\u00ed presentes son un ejemplo y una esperanza para demostrar que s\u00ed podemos hacer algo frente al cambio clim\u00e1tico. Es posible desde la pol\u00edtica, y no es un tema menor, sino fundamental para Argentina, Am\u00e9rica Latina y el planeta\u201d, se\u00f1al\u00f3.<\/strong><\/p>\n\n\n\n<p>Asimismo, Blanke destac\u00f3 que\u00a0<strong>las ciudades son responsables del 70% de las emisiones globales de gases de efecto invernadero<\/strong>, lo que las convierte en actores clave en la mitigaci\u00f3n del calentamiento global. En este sentido, hizo hincapi\u00e9 en la necesidad de promover energ\u00edas renovables y optimizar el uso del agua. Como as\u00ed tambi\u00e9n en fomentar la creaci\u00f3n de espacios verdes urbanos como estrategias esenciales.<\/p>\n\n\n\n<p>Por su parte,&nbsp;<strong>Carolina Basualdo, representante del Pacto Global de Alcaldes<\/strong>, enfatiz\u00f3 el liderazgo de Argentina en la regi\u00f3n.&nbsp;<strong>\u00abNuestro pa\u00eds es el que cuenta con la mayor cantidad de ciudades comprometidas con la acci\u00f3n clim\u00e1tica en Am\u00e9rica Latina, con m\u00e1s de 300 municipios adheridos a la RAMCC\u00bb, destac\u00f3.<\/strong><\/p>\n\n\n\n<p>Quien tambi\u00e9n subray\u00f3 la importancia de articular esfuerzos con organismos internacionales. Es que, esta articulaci\u00f3n garantiza el financiamiento necesario para que los municipios contin\u00faen implementando pol\u00edticas clim\u00e1ticas concretas.&nbsp;<strong>\u201cSomos las ciudades las que afrontamos las consecuencias del cambio clim\u00e1tico, desde olas de calor hasta incendios e inundaciones. Por eso, este trabajo debe multiplicarse y fortalecerse\u201d, agreg\u00f3.<\/strong><\/p>\n\n\n\n<p>El intendente de Godoy Cruz, Diego Costarelli, resalt\u00f3 el proceso de transformaci\u00f3n del municipio en un referente en pol\u00edticas ambientales. En su discurso, hizo un recorrido hist\u00f3rico sobre la recuperaci\u00f3n del espacio Arizu, hoy convertido en un hub tur\u00edstico y cultural.<\/p>\n\n\n\n<p>Costarelli destac\u00f3 diversas iniciativas municipales en materia ambiental. Tal es as\u00ed, como el programa de recuperadores urbanos, la recolecci\u00f3n diferenciada de residuos, la creaci\u00f3n de puntos verdes y la promoci\u00f3n de la movilidad sustentable. \u201c<strong>Hoy Godoy Cruz lidera la inversi\u00f3n en pol\u00edticas ambientales en la regi\u00f3n. Nuestro plan de ordenamiento territorial nos permite tener una hoja de ruta clara hacia un desarrollo sostenible\u201d, afirm\u00f3.<\/strong><\/p>\n\n\n\n<p>Entre las medidas innovadoras implementadas, resalt\u00f3 el<strong>\u00a0programa Eco Canje<\/strong>, que permite intercambiar residuos reciclables por pasajes para el metrotranv\u00eda. Tambi\u00e9n, recalc\u00f3 el incentivo\u00a0<strong>\u00ab\u00cdtem Bici\u00bb<\/strong>, que otorga un beneficio econ\u00f3mico a los empleados municipales que opten por trasladarse en bicicleta al trabajo.<\/p>\n\n\n\n<p><strong>Fuente: www.elsol.com.ar<\/strong><\/p>\n","protected":false},"excerpt":{"rendered":"<p>El Espacio Arizu fue el escenario de la VII Asamblea Nacional de Intendentes de la Red Argentina de Municipios frente al Cambio Clim\u00e1tico (RAMCC). Durante el evento, que se est\u00e1 desarrollando en estos d\u00edas,&nbsp;m\u00e1s de 80 intendentes de todo el pa\u00eds&nbsp;reafirmaron la importancia del rol de los municipios en la&nbsp;acci\u00f3n clim\u00e1tica. Tambi\u00e9n, se destacan los [&hellip;]<\/p>\n","protected":false},"author":2,"featured_media":12359,"comment_status":"open","ping_status":"open","sticky":false,"template":"","format":"standard","meta":[],"categories":[47],"tags":[],"_links":{"self":[{"href":"https:\/\/pasaenmendoza.com\/index.php?rest_route=\/wp\/v2\/posts\/12358"}],"collection":[{"href":"https:\/\/pasaenmendoza.com\/index.php?rest_route=\/wp\/v2\/posts"}],"about":[{"href":"https:\/\/pasaenmendoza.com\/index.php?rest_route=\/wp\/v2\/types\/post"}],"author":[{"embeddable":true,"href":"https:\/\/pasaenmendoza.com\/index.php?rest_route=\/wp\/v2\/users\/2"}],"replies":[{"embeddable":true,"href":"https:\/\/pasaenmendoza.com\/index.php?rest_route=%2Fwp%2Fv2%2Fcomments&post=12358"}],"version-history":[{"count":1,"href":"https:\/\/pasaenmendoza.com\/index.php?rest_route=\/wp\/v2\/posts\/12358\/revisions"}],"predecessor-version":[{"id":12360,"href":"https:\/\/pasaenmendoza.com\/index.php?rest_route=\/wp\/v2\/posts\/12358\/revisions\/12360"}],"wp:featuredmedia":[{"embeddable":true,"href":"https:\/\/pasaenmendoza.com\/index.php?rest_route=\/wp\/v2\/media\/12359"}],"wp:attachment":[{"href":"https:\/\/pasaenmendoza.com\/index.php?rest_route=%2Fwp%2Fv2%2Fmedia&parent=12358"}],"wp:term":[{"taxonomy":"category","embeddable":true,"href":"https:\/\/pasaenmendoza.com\/index.php?rest_route=%2Fwp%2Fv2%2Fcategories&post=12358"},{"taxonomy":"post_tag","embeddable":true,"href":"https:\/\/pasaenmendoza.com\/index.php?rest_route=%2Fwp%2Fv2%2Ftags&post=12358"}],"curies":[{"name":"wp","href":"https:\/\/api.w.org\/{rel}","templated":true}]}}