{"id":12367,"date":"2025-04-07T15:30:24","date_gmt":"2025-04-07T13:30:24","guid":{"rendered":"https:\/\/pasaenmendoza.com\/?p=12367"},"modified":"2025-04-07T15:30:25","modified_gmt":"2025-04-07T13:30:25","slug":"el-tiempo-en-mendoza-el-lunes-arranca-con-ascenso-de-la-temperatura","status":"publish","type":"post","link":"https:\/\/pasaenmendoza.com\/?p=12367","title":{"rendered":"El tiempo en Mendoza: el lunes arranca con ascenso de la temperatura"},"content":{"rendered":"\n<p>Luego del ingreso del frente fr\u00edo, que hizo descender las temperaturas tanto m\u00ednimas como m\u00e1ximas,&nbsp;<strong>la semana arranca en Mendoza con buen tiempo.<\/strong><\/p>\n\n\n\n<p>De acuerdo con el reporte de la Direcci\u00f3n de Contingencias Clim\u00e1ticas, para este&nbsp;<strong>lunes&nbsp;<\/strong>se prev\u00e9: \u201cTiempo bueno, cielo con poca nubosidad y ascenso de la temperatura, vientos del sector sur rotando al noreste\u201d.<strong>&nbsp;La m\u00ednima ser\u00e1 de 9 grados y la m\u00e1xima de 25.<\/strong><\/p>\n\n\n\n<p>Para el<strong>\u00a0martes<\/strong>\u00a0se pronostica: \u201cTiempo bueno, cielo con poca nubosidad con y cambio de la temperatura, vientos leves del noreste\u201d.<strong>\u00a0La m\u00ednima ser\u00e1 de 12 grados y la m\u00e1xima llegar\u00e1 a los 26.<\/strong><\/p>\n\n\n\n<p>En tanto, el\u00a0<strong>mi\u00e9rcoles\u00a0<\/strong>estar\u00e1: \u201cParcialmente nublado con poco cambio de la temperatura, vientos leves del noreste\u201d.\u00a0<strong>La m\u00ednima ser\u00e1 de 12 grados y la m\u00e1xima de 26.<\/strong><\/p>\n\n\n\n<p><strong>Fuente: www.elsol.com.ar<\/strong><\/p>\n","protected":false},"excerpt":{"rendered":"<p>Luego del ingreso del frente fr\u00edo, que hizo descender las temperaturas tanto m\u00ednimas como m\u00e1ximas,&nbsp;la semana arranca en Mendoza con buen tiempo. De acuerdo con el reporte de la Direcci\u00f3n de Contingencias Clim\u00e1ticas, para este&nbsp;lunes&nbsp;se prev\u00e9: \u201cTiempo bueno, cielo con poca nubosidad y ascenso de la temperatura, vientos del sector sur rotando al noreste\u201d.&nbsp;La m\u00ednima [&hellip;]<\/p>\n","protected":false},"author":2,"featured_media":12368,"comment_status":"open","ping_status":"open","sticky":false,"template":"","format":"standard","meta":[],"categories":[52],"tags":[],"_links":{"self":[{"href":"https:\/\/pasaenmendoza.com\/index.php?rest_route=\/wp\/v2\/posts\/12367"}],"collection":[{"href":"https:\/\/pasaenmendoza.com\/index.php?rest_route=\/wp\/v2\/posts"}],"about":[{"href":"https:\/\/pasaenmendoza.com\/index.php?rest_route=\/wp\/v2\/types\/post"}],"author":[{"embeddable":true,"href":"https:\/\/pasaenmendoza.com\/index.php?rest_route=\/wp\/v2\/users\/2"}],"replies":[{"embeddable":true,"href":"https:\/\/pasaenmendoza.com\/index.php?rest_route=%2Fwp%2Fv2%2Fcomments&post=12367"}],"version-history":[{"count":1,"href":"https:\/\/pasaenmendoza.com\/index.php?rest_route=\/wp\/v2\/posts\/12367\/revisions"}],"predecessor-version":[{"id":12369,"href":"https:\/\/pasaenmendoza.com\/index.php?rest_route=\/wp\/v2\/posts\/12367\/revisions\/12369"}],"wp:featuredmedia":[{"embeddable":true,"href":"https:\/\/pasaenmendoza.com\/index.php?rest_route=\/wp\/v2\/media\/12368"}],"wp:attachment":[{"href":"https:\/\/pasaenmendoza.com\/index.php?rest_route=%2Fwp%2Fv2%2Fmedia&parent=12367"}],"wp:term":[{"taxonomy":"category","embeddable":true,"href":"https:\/\/pasaenmendoza.com\/index.php?rest_route=%2Fwp%2Fv2%2Fcategories&post=12367"},{"taxonomy":"post_tag","embeddable":true,"href":"https:\/\/pasaenmendoza.com\/index.php?rest_route=%2Fwp%2Fv2%2Ftags&post=12367"}],"curies":[{"name":"wp","href":"https:\/\/api.w.org\/{rel}","templated":true}]}}