{"id":12374,"date":"2025-04-07T23:42:58","date_gmt":"2025-04-07T21:42:58","guid":{"rendered":"https:\/\/pasaenmendoza.com\/?p=12374"},"modified":"2025-04-07T23:42:59","modified_gmt":"2025-04-07T21:42:59","slug":"un-homicida-volvio-a-pedir-prision-domiciliaria-y-genero-alarma-en-la-familia-de-la-victima","status":"publish","type":"post","link":"https:\/\/pasaenmendoza.com\/?p=12374","title":{"rendered":"Un homicida volvi\u00f3 a pedir prisi\u00f3n domiciliaria y gener\u00f3 alarma en la familia de la v\u00edctima"},"content":{"rendered":"\n<p>El caso por el asesinato de&nbsp;<strong>Franco P\u00e9rez Moyano<\/strong>, ocurrido en diciembre de 2018 en Godoy Cruz, vuelve a estar en el centro de la escena judicial. Este mi\u00e9rcoles, a las 10.40, se realizar\u00e1 una audiencia clave en el Juzgado Penal Colegiado N\u00ba 2, donde&nbsp;<strong>Gabriel Fernando Ruiz Guzm\u00e1n<\/strong>, uno de los dos condenados por el crimen, insistir\u00e1 por tercera vez con el pedido de prisi\u00f3n domiciliaria.<\/p>\n\n\n\n<p><strong>Ruiz Guzm\u00e1n fue sentenciado a 22 a\u00f1os de c\u00e1rcel por homicidio agravado por el uso de arma de fuego<\/strong>, tras ser hallado responsable del disparo que termin\u00f3 con la vida del joven de 23 a\u00f1os. A m\u00e1s de seis a\u00f1os del hecho y sin haber cumplido siquiera la mitad de la condena, volver\u00e1 a presentarse ante la jueza\u00a0<strong>Mar\u00eda Julieta Esp\u00ednola<\/strong>, esta vez con nuevos argumentos que ser\u00e1n expuestos por su defensora oficial.<\/p>\n\n\n\n<p>Seg\u00fan fuentes tribunalicias, el condenado aduce&nbsp;<em>\u201cproblemas de salud\u201d&nbsp;<\/em>que, a su entender, justificar\u00edan su permanencia fuera del penal de Boulogne Sur Mer, donde se encuenta alojado. Entre ellos, en un primer momento habr\u00eda mencionado un cuadro de hemorroides y la colocaci\u00f3n de un stent coronario.<\/p>\n\n\n\n<p>Sin embargo, el pedido<strong>&nbsp;fue desestimado en anteriores oportunidades<\/strong>&nbsp;por no encuadrar en los requisitos de la Ley de Ejecuci\u00f3n Penal.<\/p>\n\n\n\n<p>De hecho, el primer intento fue rechazado en julio, mientras que el segundo \u2013en diciembre del a\u00f1o pasado\u2013 fue suspendido.\u00a0<strong>La familia de la v\u00edctima y su abogado querellante, Ra\u00fal Burela<\/strong>, expresaron nuevamente su preocupaci\u00f3n ante lo que consideran una maniobra reiterada e injustificada.<em>\u00a0\u201cEs una aberraci\u00f3n jur\u00eddica ilegal sin los requisitos que establece la ley\u201d,<\/em>\u00a0reafirm\u00f3 el letrado en contacto con este diario.<\/p>\n\n\n\n<p>Burela remarc\u00f3 que el beneficio de detenci\u00f3n domiciliaria solo puede concederse en situaciones espec\u00edficas, como enfermedades incurables en fase terminal, discapacidades severas o edad avanzada.<\/p>\n\n\n\n<h2 class=\"wp-block-heading\" id=\"h-el-crimen-de-franco-perez-moyano\">El crimen de Franco P\u00e9rez Moyano<\/h2>\n\n\n\n<p>La v\u00edctima,&nbsp;<strong>Franco P\u00e9rez<\/strong>, hab\u00eda salido la noche del 16 de diciembre del 2018 para encontrarse con un amigo cuando qued\u00f3 en medio de un tiroteo entre dos grupos enfrentados. No ten\u00eda relaci\u00f3n con el conflicto. Fue alcanzado por una bala en el pecho y muri\u00f3 minutos despu\u00e9s. El caso gener\u00f3 conmoci\u00f3n social y fue investigado por la fiscal de Homicidios Claudia R\u00edos.<\/p>\n\n\n\n<p>En el juicio que se llev\u00f3 a cabo un a\u00f1o despu\u00e9s del crimen, Ruiz Guzm\u00e1n fue condenado como autor material del disparo, mientras que\u00a0<strong>Diego Lozano<\/strong>, tambi\u00e9n part\u00edcipe de los hechos, recibi\u00f3 18 a\u00f1os de prisi\u00f3n.<\/p>\n\n\n\n<p>Ambos fueron detenidos luego de una persecuci\u00f3n policial encabezada por efectivos de la Comisar\u00eda 37\u00aa y la Unidad Especial de Patrullaje (UEP).<\/p>\n\n\n\n<p><strong>Fuente: www.elsol.com.ar<\/strong><\/p>\n","protected":false},"excerpt":{"rendered":"<p>El caso por el asesinato de&nbsp;Franco P\u00e9rez Moyano, ocurrido en diciembre de 2018 en Godoy Cruz, vuelve a estar en el centro de la escena judicial. Este mi\u00e9rcoles, a las 10.40, se realizar\u00e1 una audiencia clave en el Juzgado Penal Colegiado N\u00ba 2, donde&nbsp;Gabriel Fernando Ruiz Guzm\u00e1n, uno de los dos condenados por el crimen, [&hellip;]<\/p>\n","protected":false},"author":2,"featured_media":12375,"comment_status":"open","ping_status":"open","sticky":false,"template":"","format":"standard","meta":[],"categories":[48],"tags":[],"_links":{"self":[{"href":"https:\/\/pasaenmendoza.com\/index.php?rest_route=\/wp\/v2\/posts\/12374"}],"collection":[{"href":"https:\/\/pasaenmendoza.com\/index.php?rest_route=\/wp\/v2\/posts"}],"about":[{"href":"https:\/\/pasaenmendoza.com\/index.php?rest_route=\/wp\/v2\/types\/post"}],"author":[{"embeddable":true,"href":"https:\/\/pasaenmendoza.com\/index.php?rest_route=\/wp\/v2\/users\/2"}],"replies":[{"embeddable":true,"href":"https:\/\/pasaenmendoza.com\/index.php?rest_route=%2Fwp%2Fv2%2Fcomments&post=12374"}],"version-history":[{"count":1,"href":"https:\/\/pasaenmendoza.com\/index.php?rest_route=\/wp\/v2\/posts\/12374\/revisions"}],"predecessor-version":[{"id":12376,"href":"https:\/\/pasaenmendoza.com\/index.php?rest_route=\/wp\/v2\/posts\/12374\/revisions\/12376"}],"wp:featuredmedia":[{"embeddable":true,"href":"https:\/\/pasaenmendoza.com\/index.php?rest_route=\/wp\/v2\/media\/12375"}],"wp:attachment":[{"href":"https:\/\/pasaenmendoza.com\/index.php?rest_route=%2Fwp%2Fv2%2Fmedia&parent=12374"}],"wp:term":[{"taxonomy":"category","embeddable":true,"href":"https:\/\/pasaenmendoza.com\/index.php?rest_route=%2Fwp%2Fv2%2Fcategories&post=12374"},{"taxonomy":"post_tag","embeddable":true,"href":"https:\/\/pasaenmendoza.com\/index.php?rest_route=%2Fwp%2Fv2%2Ftags&post=12374"}],"curies":[{"name":"wp","href":"https:\/\/api.w.org\/{rel}","templated":true}]}}