{"id":12380,"date":"2025-04-08T00:33:21","date_gmt":"2025-04-07T22:33:21","guid":{"rendered":"https:\/\/pasaenmendoza.com\/?p=12380"},"modified":"2025-04-08T00:33:22","modified_gmt":"2025-04-07T22:33:22","slug":"sin-actividades-el-cec-mendoza-se-sumara-al-paro-general-convocado-por-la-cgt","status":"publish","type":"post","link":"https:\/\/pasaenmendoza.com\/?p=12380","title":{"rendered":"Sin actividades: el CEC Mendoza se sumar\u00e1 al paro general convocado por la CGT"},"content":{"rendered":"\n<p>El\u00a0<strong>Centro Empleados de Comercio (CEC) de Mendoza<\/strong><a href=\"https:\/\/www.diariomendoza.com.ar\/sociedad\/sin-actividades-cec-mendoza-sumara-paro-general-convocado-cgt-n92722\">\u00a0<\/a>anunci\u00f3 este lunes su\u00a0<strong>adhesi\u00f3n al\u00a0paro general\u00a0convocado por la\u00a0Confederaci\u00f3n General del Trabajo (CGT)<\/strong>\u00a0para este\u00a0<strong>mi\u00e9rcoles 10 de abril<\/strong>, a partir de las 0.<\/p>\n\n\n\n<p>A trav\u00e9s de un comunicado, la conducci\u00f3n del gremio mercantil local inform\u00f3 que&nbsp;<strong>\u201cel Centro Empleados de Comercio (CEC) de Mendoza se sumar\u00e1 a la medida de fuerza planteada por la CGT para este pr\u00f3ximo 10 de abril a partir de las 00.00 hs\u201d<\/strong>.<\/p>\n\n\n\n<p>El\u00a0<strong>secretario general del\u00a0CEC, Fernando Ligorria<\/strong>, se\u00f1al\u00f3 que\u00a0<strong>\u201cinstitucionalmente el CEC Mendoza adhiere a los reclamos planteados por la central obrera nacional que nuclea, entre otros sindicatos, a la Federaci\u00f3n Argentina de Empleados de Comercio y Servicios\u201d<\/strong>. Adem\u00e1s, indic\u00f3 que los trabajadores del gremio\u00a0<strong>\u201cdeber\u00e1n decidir si asisten o no a su lugar de trabajo, est\u00e1n en libertad de decisi\u00f3n\u201d<\/strong>.<\/p>\n\n\n\n<figure class=\"wp-block-image\"><img decoding=\"async\" src=\"https:\/\/statics.diariomendoza.com.ar\/2025\/04\/crop\/67f425e2d78ae__780x780.webp\" alt=\"cec paro nacional\"\/><figcaption class=\"wp-element-caption\">COMUNICADO OFICIAL DEL CEC<\/figcaption><\/figure>\n\n\n\n<p>La postura fue definida por el\u00a0<strong>plenario de delegados y la Comisi\u00f3n Directiva<\/strong>\u00a0del gremio. Seg\u00fan el comunicado,\u00a0<strong>Ligorria reivindic\u00f3 la medida de fuerza \u201cen defensa de los salarios; en defensa del sostenimiento de paritarias libres y homologadas; en defensa de los puestos de trabajo que cada d\u00eda est\u00e1n en peligro; y en defensa de los derechos de los jubilados\u201d<\/strong>.<\/p>\n\n\n\n<p>El\u00a0<strong>paro general convocado por la CGT<\/strong>\u00a0tendr\u00e1 alcance nacional y contar\u00e1 con la adhesi\u00f3n de diversos sindicatos y sectores. La medida se da en un contexto de\u00a0<strong>creciente conflictividad laboral y reclamos por la situaci\u00f3n econ\u00f3mica y social<\/strong>.<\/p>\n\n\n\n<p><strong>Fuente: www.diariomendoza.com.ar<\/strong><\/p>\n","protected":false},"excerpt":{"rendered":"<p>El\u00a0Centro Empleados de Comercio (CEC) de Mendoza\u00a0anunci\u00f3 este lunes su\u00a0adhesi\u00f3n al\u00a0paro general\u00a0convocado por la\u00a0Confederaci\u00f3n General del Trabajo (CGT)\u00a0para este\u00a0mi\u00e9rcoles 10 de abril, a partir de las 0. A trav\u00e9s de un comunicado, la conducci\u00f3n del gremio mercantil local inform\u00f3 que&nbsp;\u201cel Centro Empleados de Comercio (CEC) de Mendoza se sumar\u00e1 a la medida de fuerza planteada [&hellip;]<\/p>\n","protected":false},"author":2,"featured_media":12381,"comment_status":"open","ping_status":"open","sticky":false,"template":"","format":"standard","meta":[],"categories":[112],"tags":[],"_links":{"self":[{"href":"https:\/\/pasaenmendoza.com\/index.php?rest_route=\/wp\/v2\/posts\/12380"}],"collection":[{"href":"https:\/\/pasaenmendoza.com\/index.php?rest_route=\/wp\/v2\/posts"}],"about":[{"href":"https:\/\/pasaenmendoza.com\/index.php?rest_route=\/wp\/v2\/types\/post"}],"author":[{"embeddable":true,"href":"https:\/\/pasaenmendoza.com\/index.php?rest_route=\/wp\/v2\/users\/2"}],"replies":[{"embeddable":true,"href":"https:\/\/pasaenmendoza.com\/index.php?rest_route=%2Fwp%2Fv2%2Fcomments&post=12380"}],"version-history":[{"count":1,"href":"https:\/\/pasaenmendoza.com\/index.php?rest_route=\/wp\/v2\/posts\/12380\/revisions"}],"predecessor-version":[{"id":12382,"href":"https:\/\/pasaenmendoza.com\/index.php?rest_route=\/wp\/v2\/posts\/12380\/revisions\/12382"}],"wp:featuredmedia":[{"embeddable":true,"href":"https:\/\/pasaenmendoza.com\/index.php?rest_route=\/wp\/v2\/media\/12381"}],"wp:attachment":[{"href":"https:\/\/pasaenmendoza.com\/index.php?rest_route=%2Fwp%2Fv2%2Fmedia&parent=12380"}],"wp:term":[{"taxonomy":"category","embeddable":true,"href":"https:\/\/pasaenmendoza.com\/index.php?rest_route=%2Fwp%2Fv2%2Fcategories&post=12380"},{"taxonomy":"post_tag","embeddable":true,"href":"https:\/\/pasaenmendoza.com\/index.php?rest_route=%2Fwp%2Fv2%2Ftags&post=12380"}],"curies":[{"name":"wp","href":"https:\/\/api.w.org\/{rel}","templated":true}]}}