{"id":12386,"date":"2025-04-08T00:44:58","date_gmt":"2025-04-07T22:44:58","guid":{"rendered":"https:\/\/pasaenmendoza.com\/?p=12386"},"modified":"2025-04-08T00:44:59","modified_gmt":"2025-04-07T22:44:59","slug":"el-intendente-ricardo-mansur-debio-ser-internado-en-cordoba-por-un-problema-de-salud","status":"publish","type":"post","link":"https:\/\/pasaenmendoza.com\/?p=12386","title":{"rendered":"El intendente Ricardo Mansur debi\u00f3 ser internado en C\u00f3rdoba por un problema de salud"},"content":{"rendered":"\n<p>El intendente de\u00a0<strong>Rivadavia<\/strong>,\u00a0<strong>Ricardo Mansur<\/strong>\u00a0debi\u00f3 ser internado el domingo en la ciudad de\u00a0<strong>R\u00edo Cuarto<\/strong>, C\u00f3rdoba, tras un problema de\u00a0<strong>salud<\/strong>. Se encuentra estable, en observaci\u00f3n y a la espera del diagn\u00f3stico m\u00e9dico, tras haber sufrido la p\u00e9rdida de movilidad en una de sus piernas cuando disfrutaba una reuni\u00f3n familiar.<\/p>\n\n\n\n<p>Desde el municipio comunicaron que las actividades oficiales no se suspenden y que cuando se informe su diagn\u00f3stico y tiempo de reposo asumir\u00e1 las funciones del gobierno de&nbsp;<strong>Rivadavia&nbsp;<\/strong>el presidente del Concejo Deliberante, Luis Garc\u00eda Llaur\u00f3.<\/p>\n\n\n\n<p>&#8220;Ricardo est\u00e1 en pleno uso de sus facultades y estable&#8221;, inform\u00f3 el propio concejal Garc\u00eda al periodista Pablo Gerardi. Confirm\u00f3 que el suceso se dio en un evento familiar en C\u00f3rdoba,\u00a0<strong>Ricardo Mansur<\/strong>\u00a0&#8220;ha sentido molestias en una pierna y eso le ha impedido regresar a\u00a0<strong>Rivadavia\u00a0<\/strong>ayer (por el domingo) como ten\u00eda planificado&#8221;.<\/p>\n\n\n\n<p>Al haber viajado en su auto, y con el dolor que sinti\u00f3 en una de sus piernas, el intendente decidi\u00f3 acudir a un nosocomio de la ciudad cordobesa de&nbsp;<strong>R\u00edo Cuarto<\/strong>&nbsp;para ser atendido por un especialista.<\/p>\n\n\n\n<p>Oficialmente su internaci\u00f3n se conoci\u00f3 este domingo, cuando desde la comuna informaron al Ministerio de Seguridad que el intendente no llegar\u00eda a Mendoza para la reuni\u00f3n que ten\u00eda este lunes con la ministra Mercedes Rus con el fin de firmar un convenio.<\/p>\n\n\n\n<h2 class=\"wp-block-heading\">Antecedentes de salud de Ricardo Mansur<\/h2>\n\n\n\n<p>&#8220;Imaginate que con esa insensibilidad en una de sus piernas no pod\u00eda volver manejando&#8221;, dijo Luis Garc\u00eda, quien aclar\u00f3 que la comuna funciona con total normalidad y que se esperan los resultados de los estudios m\u00e9dicos de&nbsp;<strong>Ricardo Mansur<\/strong>&nbsp;para avanzar en su pronta recuperaci\u00f3n.<\/p>\n\n\n\n<p>&#8220;Lo internaron en observaci\u00f3n hasta que lo atienda un especialista hoy (por este lunes)&#8221;, manifest\u00f3 el concejal Garc\u00eda, quien confi\u00f3 en que durante esta jornada el intendente de&nbsp;<strong>Rivadavia&nbsp;<\/strong>&#8220;tenga un diagn\u00f3stico y tenga el tiempo de reposo indicado&#8221;.<\/p>\n\n\n\n<p>Con lo cual la actividad es normal en la Municipalidad de\u00a0<strong>Rivadavia<\/strong>, &#8220;y cuando haya certificado m\u00e9dico, asumir\u00e1 el presidente del HCD&#8221;, o sea el concejal Luis Garc\u00eda.<\/p>\n\n\n\n<p>Hace 3 a\u00f1os,\u00a0<strong>Ricardo Mansur\u00a0<\/strong>hab\u00eda sido intervenido de un problema cardiovascular. Y en el 2012, durante su primera gesti\u00f3n en la intendencia de Rivadavia,\u00a0<strong>Mansur\u00a0<\/strong>hab\u00eda sufrido un ACV.<\/p>\n\n\n\n<p><strong>Fuente: www.diariouno.com.ar<\/strong><\/p>\n\n\n\n<p><a rel=\"noreferrer noopener\" href=\"https:\/\/www.facebook.com\/dialog\/feed?app_id=573206405763505&amp;link=https%3A%2F%2Fwww.diariouno.com.ar%2Fpolitica%2Fel-intendente-ricardo-mansur-debio-ser-internado-cordoba-un-problema-salud-n1419943&amp;name=El+intendente+Ricardo+Mansur+debi%C3%B3+ser+internado+en+C%C3%B3rdoba+por+un+problema+de+salud&amp;caption=Ricardo+Mansur&amp;description=El+jefe+comunal+de+Rivadavia%2C+Ricardo+Mansur+est%C3%A1+estable%2C+internado+en+un+hospital+de+R%C3%ADo+Cuarto%2C+C%C3%B3rdoba%2C+tras+perder+la+sensibilidad+en+una+de+sus+piernas&amp;redirect_uri=https%3A%2F%2Fwww.diariouno.com.ar%2Fpolitica%2Fel-intendente-ricardo-mansur-debio-ser-internado-cordoba-un-problema-salud-n1419943\" target=\"_blank\"><\/a><\/p>\n\n\n\n<p><a rel=\"noreferrer noopener\" href=\"https:\/\/twitter.com\/intent\/tweet?url=https%3A%2F%2Fwww.diariouno.com.ar%2Fc1419943&amp;related=diariouno&amp;text=El+intendente+Ricardo+Mansur+debi%C3%B3+ser+internado+en+C%C3%B3rdoba+por+un+problema+de+salud&amp;via=diariouno\" target=\"_blank\"><\/a><\/p>\n\n\n\n<p><a href=\"mailto:?body=https%3A%2F%2Fwww.diariouno.com.ar%2Fpolitica%2Fel-intendente-ricardo-mansur-debio-ser-internado-cordoba-un-problema-salud-n1419943&amp;subject=%E2%80%9CEl%20intendente%20Ricardo%20Mansur%20debi%C3%B3%20ser%20internado%20en%20C%C3%B3rdoba%20por%20un%20problema%20de%20salud%E2%80%9D\"><\/a><\/p>\n\n\n\n<p><a rel=\"noreferrer noopener\" href=\"https:\/\/api.whatsapp.com\/send?text=%E2%80%9CEl%20intendente%20Ricardo%20Mansur%20debi%C3%B3%20ser%20internado%20en%20C%C3%B3rdoba%20por%20un%20problema%20de%20salud%E2%80%9D%20https%3A%2F%2Fwww.diariouno.com.ar%2Fpolitica%2Fel-intendente-ricardo-mansur-debio-ser-internado-cordoba-un-problema-salud-n1419943\" target=\"_blank\"><\/a><\/p>\n\n\n\n<p><a rel=\"noreferrer noopener\" href=\"http:\/\/www.linkedin.com\/shareArticle?mini=true&amp;url=https%3A%2F%2Fwww.diariouno.com.ar%2Fpolitica%2Fel-intendente-ricardo-mansur-debio-ser-internado-cordoba-un-problema-salud-n1419943\" target=\"_blank\"><\/a><\/p>\n","protected":false},"excerpt":{"rendered":"<p>El intendente de\u00a0Rivadavia,\u00a0Ricardo Mansur\u00a0debi\u00f3 ser internado el domingo en la ciudad de\u00a0R\u00edo Cuarto, C\u00f3rdoba, tras un problema de\u00a0salud. Se encuentra estable, en observaci\u00f3n y a la espera del diagn\u00f3stico m\u00e9dico, tras haber sufrido la p\u00e9rdida de movilidad en una de sus piernas cuando disfrutaba una reuni\u00f3n familiar. Desde el municipio comunicaron que las actividades oficiales [&hellip;]<\/p>\n","protected":false},"author":2,"featured_media":12387,"comment_status":"open","ping_status":"open","sticky":false,"template":"","format":"standard","meta":[],"categories":[50],"tags":[],"_links":{"self":[{"href":"https:\/\/pasaenmendoza.com\/index.php?rest_route=\/wp\/v2\/posts\/12386"}],"collection":[{"href":"https:\/\/pasaenmendoza.com\/index.php?rest_route=\/wp\/v2\/posts"}],"about":[{"href":"https:\/\/pasaenmendoza.com\/index.php?rest_route=\/wp\/v2\/types\/post"}],"author":[{"embeddable":true,"href":"https:\/\/pasaenmendoza.com\/index.php?rest_route=\/wp\/v2\/users\/2"}],"replies":[{"embeddable":true,"href":"https:\/\/pasaenmendoza.com\/index.php?rest_route=%2Fwp%2Fv2%2Fcomments&post=12386"}],"version-history":[{"count":1,"href":"https:\/\/pasaenmendoza.com\/index.php?rest_route=\/wp\/v2\/posts\/12386\/revisions"}],"predecessor-version":[{"id":12388,"href":"https:\/\/pasaenmendoza.com\/index.php?rest_route=\/wp\/v2\/posts\/12386\/revisions\/12388"}],"wp:featuredmedia":[{"embeddable":true,"href":"https:\/\/pasaenmendoza.com\/index.php?rest_route=\/wp\/v2\/media\/12387"}],"wp:attachment":[{"href":"https:\/\/pasaenmendoza.com\/index.php?rest_route=%2Fwp%2Fv2%2Fmedia&parent=12386"}],"wp:term":[{"taxonomy":"category","embeddable":true,"href":"https:\/\/pasaenmendoza.com\/index.php?rest_route=%2Fwp%2Fv2%2Fcategories&post=12386"},{"taxonomy":"post_tag","embeddable":true,"href":"https:\/\/pasaenmendoza.com\/index.php?rest_route=%2Fwp%2Fv2%2Ftags&post=12386"}],"curies":[{"name":"wp","href":"https:\/\/api.w.org\/{rel}","templated":true}]}}