{"id":12392,"date":"2025-04-08T14:43:40","date_gmt":"2025-04-08T12:43:40","guid":{"rendered":"https:\/\/pasaenmendoza.com\/?p=12392"},"modified":"2025-04-08T14:43:41","modified_gmt":"2025-04-08T12:43:41","slug":"buen-tiempo-para-este-martes-en-mendoza-pero-con-un-leve-descenso-de-la-temperatura","status":"publish","type":"post","link":"https:\/\/pasaenmendoza.com\/?p=12392","title":{"rendered":"Buen tiempo para este martes en Mendoza, pero con un leve descenso de la temperatura"},"content":{"rendered":"\n<p>El&nbsp;<strong>martes<\/strong>&nbsp;arranca con buen tiempo, pero luego se pronostica un leve descenso de la temperatura. Adem\u00e1s, se prev\u00e9n vientos leves del Este.&nbsp;<strong>La m\u00ednima ser\u00e1 de 11 grados y la m\u00e1xima llegar\u00eda a los 23<\/strong>.<\/p>\n\n\n\n<p>Para el\u00a0<strong>mi\u00e9rcoles<\/strong>, la Direcci\u00f3n de Contingencias Clim\u00e1ticas indica: \u201cCielo parcialmente nublado con poco cambio de la temperatura, vientos leves del noreste\u201d. La m\u00ednima ser\u00e1 de 12 grados y la m\u00e1xima de 24.<\/p>\n\n\n\n<p>En tanto, el<strong>\u00a0jueves\u00a0<\/strong>llega con \u201cinestabilidad, nubosidad variable y tormentas hacia la noche, vientos del sector sur\u201d.\u00a0<strong>La m\u00ednima ser\u00e1 de 14 grados y la m\u00e1xima de 27.<\/strong><\/p>\n\n\n\n<p><strong>Fuente: www.elsol.com.ar<\/strong><\/p>\n","protected":false},"excerpt":{"rendered":"<p>El&nbsp;martes&nbsp;arranca con buen tiempo, pero luego se pronostica un leve descenso de la temperatura. Adem\u00e1s, se prev\u00e9n vientos leves del Este.&nbsp;La m\u00ednima ser\u00e1 de 11 grados y la m\u00e1xima llegar\u00eda a los 23. Para el\u00a0mi\u00e9rcoles, la Direcci\u00f3n de Contingencias Clim\u00e1ticas indica: \u201cCielo parcialmente nublado con poco cambio de la temperatura, vientos leves del noreste\u201d. La [&hellip;]<\/p>\n","protected":false},"author":2,"featured_media":12393,"comment_status":"open","ping_status":"open","sticky":false,"template":"","format":"standard","meta":[],"categories":[52],"tags":[],"_links":{"self":[{"href":"https:\/\/pasaenmendoza.com\/index.php?rest_route=\/wp\/v2\/posts\/12392"}],"collection":[{"href":"https:\/\/pasaenmendoza.com\/index.php?rest_route=\/wp\/v2\/posts"}],"about":[{"href":"https:\/\/pasaenmendoza.com\/index.php?rest_route=\/wp\/v2\/types\/post"}],"author":[{"embeddable":true,"href":"https:\/\/pasaenmendoza.com\/index.php?rest_route=\/wp\/v2\/users\/2"}],"replies":[{"embeddable":true,"href":"https:\/\/pasaenmendoza.com\/index.php?rest_route=%2Fwp%2Fv2%2Fcomments&post=12392"}],"version-history":[{"count":1,"href":"https:\/\/pasaenmendoza.com\/index.php?rest_route=\/wp\/v2\/posts\/12392\/revisions"}],"predecessor-version":[{"id":12394,"href":"https:\/\/pasaenmendoza.com\/index.php?rest_route=\/wp\/v2\/posts\/12392\/revisions\/12394"}],"wp:featuredmedia":[{"embeddable":true,"href":"https:\/\/pasaenmendoza.com\/index.php?rest_route=\/wp\/v2\/media\/12393"}],"wp:attachment":[{"href":"https:\/\/pasaenmendoza.com\/index.php?rest_route=%2Fwp%2Fv2%2Fmedia&parent=12392"}],"wp:term":[{"taxonomy":"category","embeddable":true,"href":"https:\/\/pasaenmendoza.com\/index.php?rest_route=%2Fwp%2Fv2%2Fcategories&post=12392"},{"taxonomy":"post_tag","embeddable":true,"href":"https:\/\/pasaenmendoza.com\/index.php?rest_route=%2Fwp%2Fv2%2Ftags&post=12392"}],"curies":[{"name":"wp","href":"https:\/\/api.w.org\/{rel}","templated":true}]}}