{"id":12398,"date":"2025-04-08T15:20:00","date_gmt":"2025-04-08T13:20:00","guid":{"rendered":"https:\/\/pasaenmendoza.com\/?p=12398"},"modified":"2025-04-08T15:20:01","modified_gmt":"2025-04-08T13:20:01","slug":"colegios-de-la-uncuyo-asi-sera-el-cronograma-de-ingresos-para-el-2026","status":"publish","type":"post","link":"https:\/\/pasaenmendoza.com\/?p=12398","title":{"rendered":"Colegios de la UNCuyo: as\u00ed ser\u00e1 el cronograma de ingresos para el 2026"},"content":{"rendered":"\n<p>La<strong>\u00a0Universidad Nacional de Cuyo (UNCuyo)<\/strong>\u00a0anunci\u00f3 su nuevo plan de ingreso a las escuelas secundarias para el\u00a0<strong>ciclo lectivo 2026<\/strong>. Con el objetivo de facilitar el acceso a la educaci\u00f3n, se han implementado cambios significativos en el\u00a0<strong>proceso de inscripci\u00f3n.<\/strong><\/p>\n\n\n\n<p>Este a\u00f1o, la universidad ofrecer\u00e1<strong>\u00a01.100 vacantes<\/strong>, y lo m\u00e1s innovador es que no se requerir\u00e1 un promedio m\u00ednimo para postularse.\u00a0<\/p>\n\n\n\n<p>Adem\u00e1s, los cursos formativos se realizar\u00e1n de manera virtual, con un enfoque m\u00e1s flexible, sin exigencias de entregas parciales.<\/p>\n\n\n\n<p>El secretario acad\u00e9mico, Julio Aguirre, destac\u00f3 que el cronograma se ha adelantado para brindar a los estudiantes m\u00e1s tiempo para prepararse. El curso incluir\u00e1 12 m\u00f3dulos centrados en Lengua y Matem\u00e1ticas, con material accesible para todos los interesados, no solo para quienes deseen ingresar a la UNCuyo.<\/p>\n\n\n\n<p>Las fechas clave del proceso son las siguientes:<\/p>\n\n\n\n<p><strong>-Preinscripci\u00f3n<\/strong>: del 15 de abril mediante un formulario\u00a0en el sitio web oficial.\u00a0<\/p>\n\n\n\n<p><strong>-Curso formativo virtual<\/strong>: del 26 de mayo al 22 de agosto.&nbsp;<\/p>\n\n\n\n<p><strong>-Encuentro presencial<\/strong>: el 27 de septiembre, con lugar y horario a confirmar.\u00a0<\/p>\n\n\n\n<p><strong>-Ex\u00e1menes<\/strong>: de Lengua el 4 de octubre y de Matem\u00e1tica el 11 de octubre.&nbsp;<\/p>\n\n\n\n<p><strong>-Resultados<\/strong>: se publicar\u00e1n el 27 de octubre y el 5 de noviembre, dependiendo de la escuela.&nbsp;<\/p>\n\n\n\n<p><strong>-Matr\u00edcula<\/strong>: se realizar\u00e1 del 28 al 29 de octubre y del 6 al 11 de noviembre.\u00a0<\/p>\n\n\n\n<p>La publicaci\u00f3n de la asignaci\u00f3n de vacantes ser\u00e1 el lunes 27 de octubre a las 12 para el Liceo Agr\u00edcola&nbsp;y la Escuela de Agricultura de General Alvear. Y el mi\u00e9rcoles 5 de noviembre a las 12 para el DAD, Magisterio&nbsp;, Mart\u00edn Zapata&nbsp;y CUC&nbsp;.<\/p>\n\n\n\n<p>Este proceso est\u00e1 abierto a todos los estudiantes que cursen s\u00e9ptimo grado en Mendoza, sin importar el tipo de escuela. Las instituciones que participan son la Escuela del Magisterio, el Colegio Universitario Central, entre otras.<\/p>\n\n\n\n<p>\u00bfCu\u00e1les son los colegios de la UNCuyo?<\/p>\n\n\n\n<p>Las escuelas secundarias que dependen de la Universidad Nacional de Cuyo y que participan de este proceso de ingreso son:<\/p>\n\n\n\n<p>-Escuela del Magisterio<\/p>\n\n\n\n<p>-Colegio Universitario Central (CUC)<\/p>\n\n\n\n<p>-Escuela de Comercio Mart\u00edn Zapata<\/p>\n\n\n\n<p>-Escuela de Agricultura (General Alvear)<\/p>\n\n\n\n<p>-Liceo Agr\u00edcola y Enol\u00f3gico<\/p>\n\n\n\n<p>-Escuela de Educaci\u00f3n T\u00e9cnica Industrial (DGEyT)<\/p>\n\n\n\n<p>Matriculaci\u00f3n<\/p>\n\n\n\n<p>Ser\u00e1 presencial el martes 28 y mi\u00e9rcoles 29 de octubre para el Liceo Agr\u00edcola y la Escuela de Agricultura, y del jueves 6 al martes 11 de noviembre, para el DAD, Magisterio, Mart\u00edn Zapata y CUC.<\/p>\n\n\n\n<p><strong><em><u>La documentaci\u00f3n que requerir\u00e1 en esta instancia se detalla a continuaci\u00f3n:<\/u><\/em><\/strong><\/p>\n\n\n\n<p>-Partida de nacimiento actualizada (hasta 6 meses, fecha vencida a la actualidad)2 fotos tipo carnet<\/p>\n\n\n\n<p>-Certificado de Estudiante Regular de la Escuela donde est\u00e1 cursando el 7\u00ba a\u00f1o y presentado inicialmente en la plataforma de preinscripci\u00f3n.<\/p>\n\n\n\n<p>-Original y copia de DNI<\/p>\n\n\n\n<p>-El resto de la documentaci\u00f3n ser\u00e1 solicitada por la Autoridad de cada Escuela a trav\u00e9s de los canales oficiales de informaci\u00f3n y deber\u00e1 estar completa para confirmar la inscripci\u00f3n al ingreso del ciclo lectivo 2026.\u00a0<\/p>\n\n\n\n<p><strong>Fuente: www.mendozapost.com<\/strong><\/p>\n","protected":false},"excerpt":{"rendered":"<p>La\u00a0Universidad Nacional de Cuyo (UNCuyo)\u00a0anunci\u00f3 su nuevo plan de ingreso a las escuelas secundarias para el\u00a0ciclo lectivo 2026. Con el objetivo de facilitar el acceso a la educaci\u00f3n, se han implementado cambios significativos en el\u00a0proceso de inscripci\u00f3n. Este a\u00f1o, la universidad ofrecer\u00e1\u00a01.100 vacantes, y lo m\u00e1s innovador es que no se requerir\u00e1 un promedio m\u00ednimo [&hellip;]<\/p>\n","protected":false},"author":2,"featured_media":12399,"comment_status":"open","ping_status":"open","sticky":false,"template":"","format":"standard","meta":[],"categories":[50],"tags":[],"_links":{"self":[{"href":"https:\/\/pasaenmendoza.com\/index.php?rest_route=\/wp\/v2\/posts\/12398"}],"collection":[{"href":"https:\/\/pasaenmendoza.com\/index.php?rest_route=\/wp\/v2\/posts"}],"about":[{"href":"https:\/\/pasaenmendoza.com\/index.php?rest_route=\/wp\/v2\/types\/post"}],"author":[{"embeddable":true,"href":"https:\/\/pasaenmendoza.com\/index.php?rest_route=\/wp\/v2\/users\/2"}],"replies":[{"embeddable":true,"href":"https:\/\/pasaenmendoza.com\/index.php?rest_route=%2Fwp%2Fv2%2Fcomments&post=12398"}],"version-history":[{"count":1,"href":"https:\/\/pasaenmendoza.com\/index.php?rest_route=\/wp\/v2\/posts\/12398\/revisions"}],"predecessor-version":[{"id":12400,"href":"https:\/\/pasaenmendoza.com\/index.php?rest_route=\/wp\/v2\/posts\/12398\/revisions\/12400"}],"wp:featuredmedia":[{"embeddable":true,"href":"https:\/\/pasaenmendoza.com\/index.php?rest_route=\/wp\/v2\/media\/12399"}],"wp:attachment":[{"href":"https:\/\/pasaenmendoza.com\/index.php?rest_route=%2Fwp%2Fv2%2Fmedia&parent=12398"}],"wp:term":[{"taxonomy":"category","embeddable":true,"href":"https:\/\/pasaenmendoza.com\/index.php?rest_route=%2Fwp%2Fv2%2Fcategories&post=12398"},{"taxonomy":"post_tag","embeddable":true,"href":"https:\/\/pasaenmendoza.com\/index.php?rest_route=%2Fwp%2Fv2%2Ftags&post=12398"}],"curies":[{"name":"wp","href":"https:\/\/api.w.org\/{rel}","templated":true}]}}