{"id":1240,"date":"2023-09-06T15:15:28","date_gmt":"2023-09-06T13:15:28","guid":{"rendered":"https:\/\/pasaenmendoza.com\/?p=1240"},"modified":"2023-09-06T15:15:30","modified_gmt":"2023-09-06T13:15:30","slug":"policias-de-guaymallen-lograron-reanimar-a-una-beba-de-tres-meses-que-no-respiraba","status":"publish","type":"post","link":"https:\/\/pasaenmendoza.com\/?p=1240","title":{"rendered":"Polic\u00edas de Guaymall\u00e9n lograron reanimar a una beba de tres meses que no respiraba"},"content":{"rendered":"\n<p><mark>Un grupo de polic\u00edas de Guaymall\u00e9n le salv\u00f3 la vida de una beb\u00e9 de tres meses\u00a0<\/mark>la noche de este martes luego de que su madre llamara al 911 y asegurara en estado de shock que no respiraba producto de una\u00a0<strong>bronquiolitis<\/strong>.<\/p>\n\n\n\n<p>La informaci\u00f3n a la que accedi\u00f3\u00a0<strong><em>El Sol<\/em><\/strong>\u00a0sostiene que la mujer, de 26 a\u00f1os, se comunic\u00f3 con el CEO solicitando ayuda en un domicilio de calles\u00a0<strong>Godoy Cruz y Cabildo<\/strong>, debido a que su peque\u00f1a hija se encontraba desvanecida.<\/p>\n\n\n\n<p>Hasta la zona llegaron dos movilidades, la<strong>\u00a03160 y 3738<\/strong>, una con los oficiales ayudantes\u00a0<strong>Nahuel V\u00e9lez<\/strong>\u00a0y\u00a0<strong>Emmanuel Cardozo<\/strong>\u00a0y otra con el oficial principal y coordinador departamental\u00a0<strong>Marcos Mansilla<\/strong>\u00a0y el auxiliar<strong>\u00a0Jorge Salas<\/strong>, respectivamente.<\/p>\n\n\n\n<p>Los efectivos informaron la novedad y trasladaron a la mam\u00e1 y la beb\u00e9 hasta el Hospital Notti. Mientras se dirig\u00edan a destino en la patrulla 3738,\u00a0<mark>el oficial ayudante V\u00e9lez comenz\u00f3 a realizarle masajes y maniobras de RCP<\/mark>\u00a0(Reanimaci\u00f3n Cardiopulmonar), debido a que notaron que no respiraba.<\/p>\n\n\n\n<p>Antes de llegar al pedi\u00e1trico de Guaymall\u00e9n\u00a0<mark>la ni\u00f1a reaccion\u00f3 y fue atendida por una m\u00e9dica de guardia<\/mark>, quien le procedi\u00f3 con los primeros trabajos para estabilizarla, quedando fuera de peligro, informaron fuentes hospitalarias.<\/p>\n\n\n\n<p><strong>Fuente: www.elsol.com.ar<\/strong><\/p>\n","protected":false},"excerpt":{"rendered":"<p>Un grupo de polic\u00edas de Guaymall\u00e9n le salv\u00f3 la vida de una beb\u00e9 de tres meses\u00a0la noche de este martes luego de que su madre llamara al 911 y asegurara en estado de shock que no respiraba producto de una\u00a0bronquiolitis. La informaci\u00f3n a la que accedi\u00f3\u00a0El Sol\u00a0sostiene que la mujer, de 26 a\u00f1os, se comunic\u00f3 [&hellip;]<\/p>\n","protected":false},"author":2,"featured_media":1241,"comment_status":"open","ping_status":"open","sticky":false,"template":"","format":"standard","meta":[],"categories":[48],"tags":[],"_links":{"self":[{"href":"https:\/\/pasaenmendoza.com\/index.php?rest_route=\/wp\/v2\/posts\/1240"}],"collection":[{"href":"https:\/\/pasaenmendoza.com\/index.php?rest_route=\/wp\/v2\/posts"}],"about":[{"href":"https:\/\/pasaenmendoza.com\/index.php?rest_route=\/wp\/v2\/types\/post"}],"author":[{"embeddable":true,"href":"https:\/\/pasaenmendoza.com\/index.php?rest_route=\/wp\/v2\/users\/2"}],"replies":[{"embeddable":true,"href":"https:\/\/pasaenmendoza.com\/index.php?rest_route=%2Fwp%2Fv2%2Fcomments&post=1240"}],"version-history":[{"count":1,"href":"https:\/\/pasaenmendoza.com\/index.php?rest_route=\/wp\/v2\/posts\/1240\/revisions"}],"predecessor-version":[{"id":1242,"href":"https:\/\/pasaenmendoza.com\/index.php?rest_route=\/wp\/v2\/posts\/1240\/revisions\/1242"}],"wp:featuredmedia":[{"embeddable":true,"href":"https:\/\/pasaenmendoza.com\/index.php?rest_route=\/wp\/v2\/media\/1241"}],"wp:attachment":[{"href":"https:\/\/pasaenmendoza.com\/index.php?rest_route=%2Fwp%2Fv2%2Fmedia&parent=1240"}],"wp:term":[{"taxonomy":"category","embeddable":true,"href":"https:\/\/pasaenmendoza.com\/index.php?rest_route=%2Fwp%2Fv2%2Fcategories&post=1240"},{"taxonomy":"post_tag","embeddable":true,"href":"https:\/\/pasaenmendoza.com\/index.php?rest_route=%2Fwp%2Fv2%2Ftags&post=1240"}],"curies":[{"name":"wp","href":"https:\/\/api.w.org\/{rel}","templated":true}]}}