{"id":12406,"date":"2025-04-08T23:50:11","date_gmt":"2025-04-08T21:50:11","guid":{"rendered":"https:\/\/pasaenmendoza.com\/?p=12406"},"modified":"2025-04-08T23:50:12","modified_gmt":"2025-04-08T21:50:12","slug":"que-hago-para-no-perder-la-pension-no-contributiva-si-falte-a-la-auditoria-miles-ya-fueron-revisados-por-pami","status":"publish","type":"post","link":"https:\/\/pasaenmendoza.com\/?p=12406","title":{"rendered":"Qu\u00e9 hago para no perder la pensi\u00f3n no contributiva si falt\u00e9 a la auditor\u00eda: miles ya fueron revisados por PAMI"},"content":{"rendered":"\n<p>El ausentismo y la confusi\u00f3n domin\u00f3 a quienes tienen\u00a0<strong>pensiones no contributivas<\/strong>\u00a0por invalidez laboral\u00a0en los primeros d\u00edas de auditor\u00eda. Sin embargo, con el correr de las semanas, m\u00e9dicos del\u00a0<strong>PAMI<\/strong>\u00a0aseguraron que, no solo se regulariz\u00f3 la asistencia, sino que miles de mendocinos ya fueron auditados y cumplen con los requisitos.<\/p>\n\n\n\n<p>La gran mayor\u00eda de los 41.000 que tienen con&nbsp;<strong>pensiones no contributivas<\/strong>&nbsp;por invalidez en Mendoza deben pasar por los centros de salud para que m\u00e9dicos cabecera del&nbsp;<strong>PAMI<\/strong>&nbsp;les reciban la documentaci\u00f3n m\u00e1s actualizada que tengan.<\/p>\n\n\n\n<p>Los \u00fanicos exceptuados son los ni\u00f1os \u2013porque aunque se traten de\u00a0<strong>pensiones por incapacidad laboral<\/strong>\u00a0tambi\u00e9n los hay-, los trasplantados y los que ya se auditaron en otras provincias el a\u00f1o pasado.<\/p>\n\n\n\n<p>Si bien no es responsabilidad provincial, dado que la auditor\u00eda fue dispuesta por la&nbsp;<strong>Agencia Nacional de Discapacidad (ANDIS)&nbsp;<\/strong>que en Mendoza se qued\u00f3 sin representaci\u00f3n durante el gobierno de Javier Milei, Georgina Cicchitti, directora de Atenci\u00f3n a Personas con Discapacidad de Mendoza, est\u00e1 encima del proceso.<\/p>\n\n\n\n<h2 class=\"wp-block-heading\">Auditor\u00eda de pensiones no contributivas: a d\u00f3nde ir y qu\u00e9 me van a pedir de PAMI<\/h2>\n\n\n\n<p>Las auditor\u00edas comenzaron el 17 de marzo. Para hacerla, la ANDIS firm\u00f3 un convenio con&nbsp;<strong>PAMI&nbsp;<\/strong>y con el Ministerio de Salud y es por ello que las revisiones de documentaci\u00f3n quedaron a cargo de m\u00e9dicos prestadores de cabecera y se realizan en locaciones de la Provincia.<\/p>\n\n\n\n<p>La notificaci\u00f3n para asistir a la auditor\u00eda les llegar\u00e1 a todos los&nbsp;<strong>pensionados por invalidez&nbsp;<\/strong>de Mendoza. En la misma se indica fecha, hora y lugar (un centro de salud provincial) para presentarse al relevamiento.<\/p>\n\n\n\n<p>La indicaci\u00f3n es, antes que nada: asistir. Y, al turno, llevar toda la documentaci\u00f3n m\u00e1s actualizada posible que tengan y que justifique por qu\u00e9 la&nbsp;<strong>ANSES<\/strong>, en su momento, les otorg\u00f3 la pensi\u00f3n no contributiva por incapacidad laboral.<\/p>\n\n\n\n<p>\u201cLo importante es que vayan\u201d, dijo Georgina Cicchiti, que junto a los trabajadores del Ministerio de Salud local se transformaron en una especie de \u201cgarantes\u201d para que ning\u00fan\u00a0<strong>pensionado\u00a0<\/strong>con derecho se quede sin pasar por la auditor\u00eda.<\/p>\n\n\n\n<p>\u201cSe instal\u00f3 desde Naci\u00f3n que el que no va a la auditor\u00eda es porque tiene una pensi\u00f3n trucha y eso no es as\u00ed. La mayor\u00eda de los pensionados son reales y est\u00e1n muy angustiados porque es el \u00fanico ingreso que tienen\u201d, cuentan tambi\u00e9n los que est\u00e1n m\u00e1s cerca de los beneficiados con este tipo de\u00a0<strong>pensiones\u00a0<\/strong>en Mendoza.<\/p>\n\n\n\n<p>El\u00a0monto de esta prestaci\u00f3n de\u00a0<strong>ANSES<\/strong> que est\u00e1 en la mira apenas pasa los $200.000 (70% de una jubilaci\u00f3n m\u00ednima) y les corresponde a personas que se encuentran imposibilitadas de trabajar por razones de salud y en situaci\u00f3n de vulnerabilidad social. Para acceder a ella, tuvieron que acreditar una incapacidad laboral del 66% o m\u00e1s, mediante certificado m\u00e9dico oficial (CMO).<\/p>\n\n\n\n<h2 class=\"wp-block-heading\">La auditor\u00eda de pensiones no contributivas qued\u00f3 en el medio de d\u00edas de confusi\u00f3n en el PAMI<\/h2>\n\n\n\n<p>Natalia Luna Maffei, echada del\u00a0<strong>PAMI\u00a0<\/strong>el viernes pasado, era la funcionaria que m\u00e1s claro ten\u00eda el panorama de las auditor\u00edas de pensiones no contributivas por invalidez laboral en Mendoza.<\/p>\n\n\n\n<p>Al no haber representaci\u00f3n directa de&nbsp;<strong>ANDIS&nbsp;<\/strong>en la provincia, m\u00e1s all\u00e1 de la presencia de alg\u00fan administrativo, cost\u00f3 dar con informaci\u00f3n certera sobre el ritmo de las auditor\u00edas en las primeras semanas.<\/p>\n\n\n\n<p>Incluso hoy, que la situaci\u00f3n est\u00e1 m\u00e1s bien regularizada y, seg\u00fan confiaron desde&nbsp;<strong>PAMI<\/strong>, la revisi\u00f3n de la documentaci\u00f3n de&nbsp;<strong>pensionados&nbsp;<\/strong>marcha m\u00e1s ordenada y a buen ritmo, pareciera misi\u00f3n imposible saber cu\u00e1ntos mendocinos ya pasaron por la auditor\u00eda oficialmente.<\/p>\n\n\n\n<p>De todas maneras, s\u00ed est\u00e1 comprobado por los que est\u00e1n en el d\u00eda a d\u00eda de esta revisi\u00f3n, que los obligados a presentarse cuentan con m\u00e1s informaci\u00f3n y, que en algunos departamentos como Las Heras y San Mart\u00edn, hasta hay dos\u00a0<strong>centros de salud<\/strong>\u00a0a disposici\u00f3n para el proceso.<\/p>\n\n\n\n<h2 class=\"wp-block-heading\">Qu\u00e9 hago para que no me saquen la pensi\u00f3n no contributiva si no fui al turno de la auditor\u00eda<\/h2>\n\n\n\n<p>En los primeros d\u00edas hubo m\u00e1s ausentismo, cuentan desde Salud y desde el PAMI. Pero haberse perdido el primer turno de la auditor\u00eda no significa que&nbsp;<strong>ANSES&nbsp;<\/strong>vaya a dar de baja el beneficio de la pensi\u00f3n no contributiva por incapacidad laboral. Para evitarlo, hay varias instancias y alternativas.<\/p>\n\n\n\n<p>Cicchiti, de la&nbsp;<strong>Direcci\u00f3n de Personas con Discapacidad<\/strong>&nbsp;de Mendoza, aclar\u00f3 las principales dudas:<\/p>\n\n\n\n<ul>\n<li>Si la notificaci\u00f3n (carta documento) de\u00a0<strong>ANDIS\u00a0<\/strong>no le lleg\u00f3 por el motivo que sea (por ejemplo, porque el\u00a0<strong>pensionado\u00a0<\/strong>se mud\u00f3), puede mandar un mail a la casilla oficial\u00a0citacion@andis.gob.ar\u00a0, que responde r\u00e1pidamente otorgando un turno en minutos \u2013seg\u00fan comprobaron desde el Ministerio de Salud-.<\/li>\n\n\n\n<li>Tambi\u00e9n se puede consultar o pedir el&nbsp;<strong>turno&nbsp;<\/strong>por WhatsApp (al tel\u00e9fono 1139101010 de 8 a 16 horas), pero la respuesta no es tan inmediata.<\/li>\n\n\n\n<li>Si la persona tuvo o tiene turno pero no puede presentarse porque no se puede trasladar, debe mandar un mail a\u00a0inasistenciapnc@andis.gob.ar\u00a0explicando los motivos de la inasistencia y adjuntando la foto del DNI.<\/li>\n\n\n\n<li>Si la persona asisti\u00f3 al turno pero no puede cargar por internet a la\u00a0plataforma Tr\u00e1mites a Distancia (TAD)\u00a0la documentaci\u00f3n m\u00e9dica que justific\u00f3 el otorgamiento de la<strong>\u00a0pensi\u00f3n no contributiva<\/strong>, puede pedir al \u00e1rea municipal de discapacidad m\u00e1s cercana a su domicilio que la ayuden. Tambi\u00e9n puede mandarla por correo a Hip\u00f3lito Yrigoyen N\u00ba 1447, C1089AAA, Ciudad Aut\u00f3noma de Buenos Aires; o puede pedir un turno en ANSES y presentarla en cualquier oficina. Tiene 30 d\u00edas para hacerlo desde que fue a la auditor\u00eda.<\/li>\n\n\n\n<li>Si se le pas\u00f3 el turno, por el motivo que fuere, pero tiene capacidad para asistir, la recomendaci\u00f3n es que vaya cuando sea al&nbsp;<strong>centro de salud<\/strong>&nbsp;indicado.<\/li>\n\n\n\n<li>Si le lleg\u00f3 la notificaci\u00f3n, pero la citaci\u00f3n es un centro de salud alejado de su domicilio, puede pedir el cambio al que le quede m\u00e1s c\u00f3modo por mail a\u00a0citacion@andis.gob.ar<\/li>\n<\/ul>\n\n\n\n<p>Importante para quienes tienen\u00a0<strong>pensiones no contributivas por invalidez<\/strong>: \u00bfes obligatorio asistir? S\u00ed, este relevamiento, que en principio se har\u00e1 hasta el 8 de mayo \u2013aunque podr\u00eda extenderse hasta junio-, es la primera de tres instancias que llevar\u00e1 a cabo la Naci\u00f3n antes de resolver la efectiva quita del beneficio.<\/p>\n\n\n\n<p><strong>Fuente: www.diariouno.com.ar<\/strong><\/p>\n","protected":false},"excerpt":{"rendered":"<p>El ausentismo y la confusi\u00f3n domin\u00f3 a quienes tienen\u00a0pensiones no contributivas\u00a0por invalidez laboral\u00a0en los primeros d\u00edas de auditor\u00eda. Sin embargo, con el correr de las semanas, m\u00e9dicos del\u00a0PAMI\u00a0aseguraron que, no solo se regulariz\u00f3 la asistencia, sino que miles de mendocinos ya fueron auditados y cumplen con los requisitos. La gran mayor\u00eda de los 41.000 que [&hellip;]<\/p>\n","protected":false},"author":2,"featured_media":12407,"comment_status":"open","ping_status":"open","sticky":false,"template":"","format":"standard","meta":[],"categories":[89],"tags":[],"_links":{"self":[{"href":"https:\/\/pasaenmendoza.com\/index.php?rest_route=\/wp\/v2\/posts\/12406"}],"collection":[{"href":"https:\/\/pasaenmendoza.com\/index.php?rest_route=\/wp\/v2\/posts"}],"about":[{"href":"https:\/\/pasaenmendoza.com\/index.php?rest_route=\/wp\/v2\/types\/post"}],"author":[{"embeddable":true,"href":"https:\/\/pasaenmendoza.com\/index.php?rest_route=\/wp\/v2\/users\/2"}],"replies":[{"embeddable":true,"href":"https:\/\/pasaenmendoza.com\/index.php?rest_route=%2Fwp%2Fv2%2Fcomments&post=12406"}],"version-history":[{"count":1,"href":"https:\/\/pasaenmendoza.com\/index.php?rest_route=\/wp\/v2\/posts\/12406\/revisions"}],"predecessor-version":[{"id":12408,"href":"https:\/\/pasaenmendoza.com\/index.php?rest_route=\/wp\/v2\/posts\/12406\/revisions\/12408"}],"wp:featuredmedia":[{"embeddable":true,"href":"https:\/\/pasaenmendoza.com\/index.php?rest_route=\/wp\/v2\/media\/12407"}],"wp:attachment":[{"href":"https:\/\/pasaenmendoza.com\/index.php?rest_route=%2Fwp%2Fv2%2Fmedia&parent=12406"}],"wp:term":[{"taxonomy":"category","embeddable":true,"href":"https:\/\/pasaenmendoza.com\/index.php?rest_route=%2Fwp%2Fv2%2Fcategories&post=12406"},{"taxonomy":"post_tag","embeddable":true,"href":"https:\/\/pasaenmendoza.com\/index.php?rest_route=%2Fwp%2Fv2%2Ftags&post=12406"}],"curies":[{"name":"wp","href":"https:\/\/api.w.org\/{rel}","templated":true}]}}