{"id":12409,"date":"2025-04-08T23:54:08","date_gmt":"2025-04-08T21:54:08","guid":{"rendered":"https:\/\/pasaenmendoza.com\/?p=12409"},"modified":"2025-04-08T23:54:09","modified_gmt":"2025-04-08T21:54:09","slug":"malestar-de-los-farmaceuticos-de-mendoza-por-los-qr-con-los-precios-de-medicamentos","status":"publish","type":"post","link":"https:\/\/pasaenmendoza.com\/?p=12409","title":{"rendered":"Malestar de los farmac\u00e9uticos de Mendoza por los QR con los precios de medicamentos"},"content":{"rendered":"\n<p><strong>Beatr\u00edz Cuchhi<\/strong>, presidenta del Colegio Farmac\u00e9utico de\u00a0<strong>Mendoza<\/strong>, critic\u00f3 la iniciativa del Gobierno nacional de implementar un QR para verificar\u00a0<strong>precios\u00a0<\/strong>de\u00a0<strong>medicamentos<\/strong>, medida que consider\u00f3 \u201cinnecesaria\u201d y perjudicial para la atenci\u00f3n en las\u00a0<strong>farmacias<\/strong>.\u00a0<\/p>\n\n\n\n<p>Sostuvo que esta medida resolver\u00e1 el problema de fondo que tienen en el sector y que adem\u00e1s favorecer\u00e1 la deshumanizaci\u00f3n de la atenci\u00f3n en las\u00a0<strong>farmacias<\/strong>. \u201cEstamos lejos de poner obst\u00e1culos en este procedimiento, pero un QR con el\u00a0<strong>precio<\/strong>\u00a017.000 productos es innecesario porque adem\u00e1s de que falta una prescripci\u00f3n m\u00e9dica es necesario tambi\u00e9n interpretar la receta y ese trabajo lo realiza solamente el personal farmac\u00e9utico\u201d, agreg\u00f3 Cucchi.<\/p>\n\n\n\n<p>Cuchhi se\u00f1al\u00f3 que el precio de los\u00a0<strong>medicamentos\u00a0<\/strong>es fijado por los laboratorios y puede variar con descuentos de obras sociales, lo que complicar\u00eda a\u00fan m\u00e1s la situaci\u00f3n. Tambi\u00e9n destac\u00f3 la importancia de la atenci\u00f3n humana en las\u00a0<strong>farmacias<\/strong>, especialmente para los pacientes mayores, y llam\u00f3 al Gobierno a involucrarse m\u00e1s en la b\u00fasqueda de soluciones efectivas.<\/p>\n\n\n\n<p>La farmac\u00e9utica ejemplific\u00f3 el caso de una persona puede buscar un \u201cDiclofenac\u201d, este producto tendr\u00e1 el mismo valor en todo el pa\u00eds, pero ese&nbsp;<strong>precio&nbsp;<\/strong>puede sufrir alguna modificaci\u00f3n por los descuentos que tendr\u00e1 por la obra social. \u201cLas&nbsp;<strong>farmacias<\/strong>&nbsp;existen desde hace a\u00f1os y el personal ayuda no solamente en la atenci\u00f3n, sino tambi\u00e9n la capacidad que tienen los pacientes de elegir los medicamentos por lo que creo que esto no ayudar\u00e1 a la transparencia\u201d, agreg\u00f3 Cuchhi.&nbsp;<\/p>\n\n\n\n<p>&#8220;Hay un gran flujo de pacientes, muchos son adultos mayores, por lo que llamo al Gobierno y desde los organismos que correspondan nos inviten a participar y hacer medidas que traigan alg\u00fan resultado. Esto una p\u00e9rdida de tiempo, sostuvo Cuchhi en declaraciones a la primera ma\u00f1ana de estaci\u00f3n Zafiro.&nbsp;<\/p>\n\n\n\n<p>\u201cNo tenemos que ver a la salud c\u00f3mo comprar zapatillas. El valor humano es igual de valioso que el del medicamento\u201d dijo la responsable del Colegio Farmac\u00e9utico de\u00a0<strong>Mendoza<\/strong>.<\/p>\n\n\n\n<p><strong>Fuente: www.diariomendoza.com.ar<\/strong><\/p>\n","protected":false},"excerpt":{"rendered":"<p>Beatr\u00edz Cuchhi, presidenta del Colegio Farmac\u00e9utico de\u00a0Mendoza, critic\u00f3 la iniciativa del Gobierno nacional de implementar un QR para verificar\u00a0precios\u00a0de\u00a0medicamentos, medida que consider\u00f3 \u201cinnecesaria\u201d y perjudicial para la atenci\u00f3n en las\u00a0farmacias.\u00a0 Sostuvo que esta medida resolver\u00e1 el problema de fondo que tienen en el sector y que adem\u00e1s favorecer\u00e1 la deshumanizaci\u00f3n de la atenci\u00f3n en las\u00a0farmacias. [&hellip;]<\/p>\n","protected":false},"author":2,"featured_media":12410,"comment_status":"open","ping_status":"open","sticky":false,"template":"","format":"standard","meta":[],"categories":[58],"tags":[],"_links":{"self":[{"href":"https:\/\/pasaenmendoza.com\/index.php?rest_route=\/wp\/v2\/posts\/12409"}],"collection":[{"href":"https:\/\/pasaenmendoza.com\/index.php?rest_route=\/wp\/v2\/posts"}],"about":[{"href":"https:\/\/pasaenmendoza.com\/index.php?rest_route=\/wp\/v2\/types\/post"}],"author":[{"embeddable":true,"href":"https:\/\/pasaenmendoza.com\/index.php?rest_route=\/wp\/v2\/users\/2"}],"replies":[{"embeddable":true,"href":"https:\/\/pasaenmendoza.com\/index.php?rest_route=%2Fwp%2Fv2%2Fcomments&post=12409"}],"version-history":[{"count":1,"href":"https:\/\/pasaenmendoza.com\/index.php?rest_route=\/wp\/v2\/posts\/12409\/revisions"}],"predecessor-version":[{"id":12411,"href":"https:\/\/pasaenmendoza.com\/index.php?rest_route=\/wp\/v2\/posts\/12409\/revisions\/12411"}],"wp:featuredmedia":[{"embeddable":true,"href":"https:\/\/pasaenmendoza.com\/index.php?rest_route=\/wp\/v2\/media\/12410"}],"wp:attachment":[{"href":"https:\/\/pasaenmendoza.com\/index.php?rest_route=%2Fwp%2Fv2%2Fmedia&parent=12409"}],"wp:term":[{"taxonomy":"category","embeddable":true,"href":"https:\/\/pasaenmendoza.com\/index.php?rest_route=%2Fwp%2Fv2%2Fcategories&post=12409"},{"taxonomy":"post_tag","embeddable":true,"href":"https:\/\/pasaenmendoza.com\/index.php?rest_route=%2Fwp%2Fv2%2Ftags&post=12409"}],"curies":[{"name":"wp","href":"https:\/\/api.w.org\/{rel}","templated":true}]}}