{"id":12412,"date":"2025-04-08T23:58:43","date_gmt":"2025-04-08T21:58:43","guid":{"rendered":"https:\/\/pasaenmendoza.com\/?p=12412"},"modified":"2025-04-08T23:58:44","modified_gmt":"2025-04-08T21:58:44","slug":"paro-de-la-cgt-que-servicios-se-veran-afectados-en-mendoza","status":"publish","type":"post","link":"https:\/\/pasaenmendoza.com\/?p=12412","title":{"rendered":"Paro de la CGT: qu\u00e9 servicios se ver\u00e1n afectados en Mendoza"},"content":{"rendered":"\n<p><strong>Este jueves 10 de abril habr\u00e1 paro general de la CGT (Confederaci\u00f3n General del Trabajo)&nbsp;<\/strong>por lo que est\u00e1 previsto que gran parte de las actividades a nivel nacional queden paralizadas. Se trata de la tercera medida de fuerza contra el gobierno de Javier Milei.<\/p>\n\n\n\n<p>En Mendoza, la adhesi\u00f3n pierde fuerza, y es que el \u00fanico gremio que, hasta el momento ha confirmado que se plegar\u00e1 a la medida nacional es el de<strong>&nbsp;La Bancaria, por lo que la actividad en Mendoza se ver\u00e1 resentida<\/strong>&nbsp;no s\u00f3lo durante esa jornada, sino que tambi\u00e9n se plegar\u00e1n a la movilizaci\u00f3n del mi\u00e9rcoles 9 de abril, desde las 11, en apoyo a los reclamos de los jubilados.<\/p>\n\n\n\n<p>El resto de los gremios advirti\u00f3 que no se sumar\u00e1 a la acci\u00f3n, por lo que en Mendoza la jornada se vivir\u00e1 con absoluta normalidad.<\/p>\n\n\n\n<h2 class=\"wp-block-heading\" id=\"h-la-bancaria-se-pliega-al-paro-nacional\">La Bancaria se pliega al paro nacional<\/h2>\n\n\n\n<p>Teniendo en cuenta la compleja situaci\u00f3n pol\u00edtica, social y econ\u00f3mica que atraviesa el pa\u00eds, la CGT realizar\u00e1 un&nbsp;<strong>cese de actividades por 24 horas<\/strong>, en rechazo a las medidas implementadas por el Gobierno nacional.<\/p>\n\n\n\n<p>El paro, impulsado por la CGT,&nbsp;<strong>contar\u00e1 con la adhesi\u00f3n de La Bancaria, por lo que la actividad en Mendoza se ver\u00e1 resentida<\/strong>&nbsp;no s\u00f3lo durante esa jornada, sino que tambi\u00e9n se plegar\u00e1n a la movilizaci\u00f3n del mi\u00e9rcoles 9 de abril, desde las 12, en apoyo a los reclamos de los jubilados.<\/p>\n\n\n\n<p>La medida fue anunciada por&nbsp;<strong>Sergio Gim\u00e9nez<\/strong>, titular de la Asociaci\u00f3n Bancaria de Mendoza, que, adem\u00e1s, consider\u00f3 que<strong>&nbsp;<\/strong>\u201c<strong>la adhesi\u00f3n del personal bancario de la provincia ser\u00e1 masivo\u201d.<\/strong><\/p>\n\n\n\n<p>El gremialista manifest\u00f3 que el jueves la mayor\u00eda de las entidades crediticias permanecer\u00e1n cerradas. Por lo que recomiendan a los ciudadanos que tengan que realizar alg\u00fan tr\u00e1mite presencial que no asistan ese d\u00eda a los bancos y lo reprogramen para el viernes.<\/p>\n\n\n\n<p>Asimismo, Gim\u00e9nez recalc\u00f3 que \u201clos cajeros ser\u00e1n recargados para que los que lo necesiten puedan operar mediante ese sistema, ya sea para efectuar pagos o retirar dinero\u201d.<\/p>\n\n\n\n<h2 class=\"wp-block-heading\" id=\"h-abriran-los-comercios\">\u00bfAbrir\u00e1n los comercios?<\/h2>\n\n\n\n<p>El&nbsp;<strong>Centro de Empleados de Comercio<\/strong>&nbsp;(CEC) de Mendoza comunic\u00f3&nbsp;<strong>su adhesi\u00f3n al paro<\/strong>. Sin embargo, el sindicato indic\u00f3 que los trabajadores&nbsp;<strong>\u201c<em>est\u00e1n en libertad de decisi\u00f3n\u201d<\/em><\/strong>.<\/p>\n\n\n\n<p><strong>Fernando Ligorria<\/strong>, secretario general del gremio mercantil, explic\u00f3 en un comunicado que \u201c<em><strong>institucionalmente el CEC Mendoza adhiere a los reclamos planteados por la central obrera nacional&nbsp;<\/strong>que nuclea, entre otros sindicatos, a la Federaci\u00f3n Argentina de Empleados de Comercio y Servicios\u201d.<\/em><\/p>\n\n\n\n<p>Por ello, la postura institucional del CEC<strong>&nbsp;no implica la adhesi\u00f3n estricta de los empleados<\/strong>&nbsp;en la medida de fuerza que tendr\u00e1 lugar este jueves.<\/p>\n\n\n\n<h2 class=\"wp-block-heading\" id=\"h-que-pasara-con-los-micros\">\u00bfQu\u00e9 pasar\u00e1 con los micros?<\/h2>\n\n\n\n<p>El Sindicato del Personal de Micros y \u00d3mnibus de Mendoza (<strong>Sipemom<\/strong>) anunci\u00f3 que no se sumar\u00e1 a la medida de fuerza, aunque aclar\u00f3 que los trabajadores tendr\u00e1n libertad de acci\u00f3n.<\/p>\n\n\n\n<p>En declaraciones con este medio, desde el gremio indicaron: \u201cSi hay acatamiento, ser\u00e1 muy bajo\u201d. Adem\u00e1s,&nbsp;<strong>&nbsp;Jos\u00e9 Micca<\/strong>, secretario general del Sipemom agreg\u00f3:&nbsp;<em>\u201cEl transporte p\u00fablico va a trabajar normalmente, pero los trabajadores que lo deseen podr\u00e1n adherir a la medida. Tienen el derecho de parar o no\u201d<\/em>.<\/p>\n\n\n\n<h2 class=\"wp-block-heading\" id=\"h-como-funcionaran-las-estaciones-de-servicio-en-mendoza\">\u00bfC\u00f3mo funcionar\u00e1n las estaciones de servicio en Mendoza?<\/h2>\n\n\n\n<p>Si bien a nivel nacional trascendi\u00f3 que la C\u00e1mara de Expendedores y Afines adhiere al paro, en Mendoza los estacioneros indicaron que la actividad se realizar\u00e1 con absoluta normalidad, aunque, los representantes del gremio aclararon que cada empleado tendr\u00e1 la libertad de elegir si trabaja o no, pero las estaciones permanecer\u00e1n abiertas.<\/p>\n\n\n\n<h2 class=\"wp-block-heading\" id=\"h-habra-clases\">\u00bfHabr\u00e1 clases?<\/h2>\n\n\n\n<p>La Confederaci\u00f3n de Trabajadores de la Educaci\u00f3n (Ctera) confirm\u00f3 su adhesi\u00f3n al igual que los otros gremios docentes de alcance nacional.<\/p>\n\n\n\n<p>La situaci\u00f3n en las escuelas privadas depender\u00e1 de que el personal pueda llegar al establecimiento, aunque el Sindicato Argentino de Docentes Privados (<strong>Sadop<\/strong>) se adhiri\u00f3.<\/p>\n\n\n\n<h2 class=\"wp-block-heading\" id=\"h-que-pasara-con-los-hospitales\">\u00bfQu\u00e9 pasar\u00e1 con los hospitales?<\/h2>\n\n\n\n<p>En cuanto a la atenci\u00f3n en hospitales y centros de salud, el ministro de Salud, Rodolfo Montero, se\u00f1al\u00f3 que los servicios se prestar\u00e1n con normalidad.<\/p>\n\n\n\n<p><strong>Fuente: www.elsol.com.ar<\/strong><\/p>\n\n\n\n<p><a href=\"https:\/\/www.elsol.com.ar\/mendoza\/confirmaron-un-paro-bancario-en-todo-el-pais-como-repercutira-en-mendoza\/?relatedposts_hit=1&amp;relatedposts_origin=2085672&amp;relatedposts_position=0&amp;relatedposts_hit=1&amp;relatedposts_origin=2085672&amp;relatedposts_position=0&amp;relatedposts_hit=1&amp;relatedposts_origin=2085672&amp;relatedposts_position=0&amp;relatedposts_hit=1&amp;relatedposts_origin=2085672&amp;relatedposts_position=0\"><\/a><\/p>\n","protected":false},"excerpt":{"rendered":"<p>Este jueves 10 de abril habr\u00e1 paro general de la CGT (Confederaci\u00f3n General del Trabajo)&nbsp;por lo que est\u00e1 previsto que gran parte de las actividades a nivel nacional queden paralizadas. Se trata de la tercera medida de fuerza contra el gobierno de Javier Milei. En Mendoza, la adhesi\u00f3n pierde fuerza, y es que el \u00fanico [&hellip;]<\/p>\n","protected":false},"author":2,"featured_media":12413,"comment_status":"open","ping_status":"open","sticky":false,"template":"","format":"standard","meta":[],"categories":[99],"tags":[],"_links":{"self":[{"href":"https:\/\/pasaenmendoza.com\/index.php?rest_route=\/wp\/v2\/posts\/12412"}],"collection":[{"href":"https:\/\/pasaenmendoza.com\/index.php?rest_route=\/wp\/v2\/posts"}],"about":[{"href":"https:\/\/pasaenmendoza.com\/index.php?rest_route=\/wp\/v2\/types\/post"}],"author":[{"embeddable":true,"href":"https:\/\/pasaenmendoza.com\/index.php?rest_route=\/wp\/v2\/users\/2"}],"replies":[{"embeddable":true,"href":"https:\/\/pasaenmendoza.com\/index.php?rest_route=%2Fwp%2Fv2%2Fcomments&post=12412"}],"version-history":[{"count":1,"href":"https:\/\/pasaenmendoza.com\/index.php?rest_route=\/wp\/v2\/posts\/12412\/revisions"}],"predecessor-version":[{"id":12414,"href":"https:\/\/pasaenmendoza.com\/index.php?rest_route=\/wp\/v2\/posts\/12412\/revisions\/12414"}],"wp:featuredmedia":[{"embeddable":true,"href":"https:\/\/pasaenmendoza.com\/index.php?rest_route=\/wp\/v2\/media\/12413"}],"wp:attachment":[{"href":"https:\/\/pasaenmendoza.com\/index.php?rest_route=%2Fwp%2Fv2%2Fmedia&parent=12412"}],"wp:term":[{"taxonomy":"category","embeddable":true,"href":"https:\/\/pasaenmendoza.com\/index.php?rest_route=%2Fwp%2Fv2%2Fcategories&post=12412"},{"taxonomy":"post_tag","embeddable":true,"href":"https:\/\/pasaenmendoza.com\/index.php?rest_route=%2Fwp%2Fv2%2Ftags&post=12412"}],"curies":[{"name":"wp","href":"https:\/\/api.w.org\/{rel}","templated":true}]}}