{"id":12415,"date":"2025-04-10T00:14:13","date_gmt":"2025-04-09T22:14:13","guid":{"rendered":"https:\/\/pasaenmendoza.com\/?p=12415"},"modified":"2025-04-10T00:14:14","modified_gmt":"2025-04-09T22:14:14","slug":"el-gobierno-provincial-confirmo-que-pasara-con-las-clases-durante-el-paro-de-este-jueves","status":"publish","type":"post","link":"https:\/\/pasaenmendoza.com\/?p=12415","title":{"rendered":"El Gobierno provincial confirm\u00f3 qu\u00e9 pasar\u00e1 con las clases durante el paro de este jueves"},"content":{"rendered":"\n<p>Desde el&nbsp;<strong>Ministerio de Educaci\u00f3n, Cultura, Infancias<\/strong>&nbsp;y la&nbsp;<strong>Direcci\u00f3n General de Escuelas (DGE)<\/strong>&nbsp;emitieron un comunicado oficial en el que informan que el d\u00eda&nbsp;<strong>jueves 10 de abril<\/strong>&nbsp;se dictar\u00e1n&nbsp;<strong>clases con normalidad<\/strong>&nbsp;en&nbsp;<strong>todos los niveles y modalidades<\/strong>&nbsp;del sistema educativo provincial.<\/p>\n\n\n\n<p>El anuncio se da en el marco del\u00a0<strong>paro general\u00a0convocado por la\u00a0CGT<\/strong>\u00a0a nivel nacional, una medida de fuerza que afectar\u00e1 distintos sectores, pero que, seg\u00fan la cartera educativa,\u00a0<strong>no impactar\u00e1 en el funcionamiento de las escuelas<\/strong>\u00a0de la provincia.<\/p>\n\n\n\n<p>El&nbsp;<strong>paro general, aparentemente,&nbsp;<\/strong>tendr\u00e1 un impacto limitado en la provincia de&nbsp;<strong>Mendoza<\/strong>. Seg\u00fan las \u00faltimas informaciones, la mayor\u00eda de los servicios funcionar\u00e1n con normalidad, con algunas excepciones puntuales.<\/p>\n\n\n\n<ul>\n<li><strong>Bancos:<\/strong>&nbsp;El gremio&nbsp;<strong>La Bancaria<\/strong>&nbsp;ha confirmado su adhesi\u00f3n al paro, por lo que&nbsp;<strong>no habr\u00e1 atenci\u00f3n al p\u00fablico en las entidades financieras<\/strong>&nbsp;durante la jornada del jueves.&nbsp;<\/li>\n\n\n\n<li><strong>Transporte p\u00fablico:<\/strong>\u00a0Los\u00a0<strong>colectivos urbanos<\/strong>\u00a0circular\u00e1n con normalidad, ya que la\u00a0<strong>Uni\u00f3n Tranviarios Automotor (UTA)<\/strong>\u00a0no se sumar\u00e1 a la medida de fuerza debido a una conciliaci\u00f3n obligatoria dictada previamente.<\/li>\n\n\n\n<li><strong>Estaciones de servicio:<\/strong>&nbsp;A nivel nacional, la C\u00e1mara de Expendedores y Afines se adhiri\u00f3 al paro; sin embargo, en Mendoza, se ha aclarado que el servicio se desarrollar\u00e1 con absoluta normalidad. No obstante, cada empleado tendr\u00e1 la libertad de decidir si trabaja o no.<\/li>\n\n\n\n<li><strong>Comercios:<\/strong>\u00a0El\u00a0<strong>Centro de Empleados de Comercio (CEC)<\/strong>\u00a0de Mendoza ha comunicado su adhesi\u00f3n al paro, aunque indic\u00f3 que los trabajadores est\u00e1n en libertad de decisi\u00f3n respecto a su participaci\u00f3n.<\/li>\n<\/ul>\n\n\n\n<p><strong>Fuente: www.diariomendoza.com.ar<\/strong><\/p>\n","protected":false},"excerpt":{"rendered":"<p>Desde el&nbsp;Ministerio de Educaci\u00f3n, Cultura, Infancias&nbsp;y la&nbsp;Direcci\u00f3n General de Escuelas (DGE)&nbsp;emitieron un comunicado oficial en el que informan que el d\u00eda&nbsp;jueves 10 de abril&nbsp;se dictar\u00e1n&nbsp;clases con normalidad&nbsp;en&nbsp;todos los niveles y modalidades&nbsp;del sistema educativo provincial. El anuncio se da en el marco del\u00a0paro general\u00a0convocado por la\u00a0CGT\u00a0a nivel nacional, una medida de fuerza que afectar\u00e1 distintos sectores, [&hellip;]<\/p>\n","protected":false},"author":2,"featured_media":12416,"comment_status":"open","ping_status":"open","sticky":false,"template":"","format":"standard","meta":[],"categories":[56],"tags":[],"_links":{"self":[{"href":"https:\/\/pasaenmendoza.com\/index.php?rest_route=\/wp\/v2\/posts\/12415"}],"collection":[{"href":"https:\/\/pasaenmendoza.com\/index.php?rest_route=\/wp\/v2\/posts"}],"about":[{"href":"https:\/\/pasaenmendoza.com\/index.php?rest_route=\/wp\/v2\/types\/post"}],"author":[{"embeddable":true,"href":"https:\/\/pasaenmendoza.com\/index.php?rest_route=\/wp\/v2\/users\/2"}],"replies":[{"embeddable":true,"href":"https:\/\/pasaenmendoza.com\/index.php?rest_route=%2Fwp%2Fv2%2Fcomments&post=12415"}],"version-history":[{"count":1,"href":"https:\/\/pasaenmendoza.com\/index.php?rest_route=\/wp\/v2\/posts\/12415\/revisions"}],"predecessor-version":[{"id":12417,"href":"https:\/\/pasaenmendoza.com\/index.php?rest_route=\/wp\/v2\/posts\/12415\/revisions\/12417"}],"wp:featuredmedia":[{"embeddable":true,"href":"https:\/\/pasaenmendoza.com\/index.php?rest_route=\/wp\/v2\/media\/12416"}],"wp:attachment":[{"href":"https:\/\/pasaenmendoza.com\/index.php?rest_route=%2Fwp%2Fv2%2Fmedia&parent=12415"}],"wp:term":[{"taxonomy":"category","embeddable":true,"href":"https:\/\/pasaenmendoza.com\/index.php?rest_route=%2Fwp%2Fv2%2Fcategories&post=12415"},{"taxonomy":"post_tag","embeddable":true,"href":"https:\/\/pasaenmendoza.com\/index.php?rest_route=%2Fwp%2Fv2%2Ftags&post=12415"}],"curies":[{"name":"wp","href":"https:\/\/api.w.org\/{rel}","templated":true}]}}