{"id":12421,"date":"2025-04-10T00:24:10","date_gmt":"2025-04-09T22:24:10","guid":{"rendered":"https:\/\/pasaenmendoza.com\/?p=12421"},"modified":"2025-04-10T00:24:11","modified_gmt":"2025-04-09T22:24:11","slug":"vuelos-cancelados-reprogramados-y-devoluciones-de-pasajes-por-el-paro-de-la-cgt-de-este-jueves","status":"publish","type":"post","link":"https:\/\/pasaenmendoza.com\/?p=12421","title":{"rendered":"Vuelos cancelados, reprogramados y devoluciones de pasajes por el paro de la CGT de este jueves"},"content":{"rendered":"\n<p>Este jueves los\u00a0<strong>gremios aeron\u00e1uticos<\/strong>\u00a0confirmaron que\u00a0<strong>adhirieron al paro<\/strong>\u00a0general que convoc\u00f3 la CGT, contra el gobierno de Javier Milei, lo que\u00a0<strong>afectar\u00e1 a\u00a0vuelos<\/strong>\u00a0nacionales e internacionales.<\/p>\n\n\n\n<p>Varias empresas ya definieron desv\u00edos, cancelaciones, reprogramaciones y hasta devoluciones tras la confirmaci\u00f3n que les lleg\u00f3 de los\u00a0<strong>12 gremios<\/strong>\u00a0que nuclean a los trabajadores del sector aeron\u00e1utico que confirmaron su adhesi\u00f3n al\u00a0<strong>paro de la CGT.<\/strong><\/p>\n\n\n\n<h2 class=\"wp-block-heading\">Qu\u00e9 har\u00e1n las empresas con sus vuelos<\/h2>\n\n\n\n<h3 class=\"wp-block-heading\">Aerol\u00edneas Argentinas<\/h3>\n\n\n\n<p><strong>Aerol\u00edneas Argentinas<\/strong>&nbsp;inform\u00f3 esta tarde que, debido al paro general anunciado para el jueves 10 de abril, se cancelar\u00e1n un total de<strong>&nbsp;258 salidas,<\/strong>&nbsp;lo que afectar\u00e1 a cerca de&nbsp;<strong>20 mil pasajeros<\/strong>&nbsp;y se\u00f1alaron que \u201cesta medida, ajena a la compa\u00f1\u00eda, tendr\u00e1 impacto en toda la red de operaciones y representar\u00e1 un costo estimado de 3 millones de d\u00f3lares para la empresa\u201d.<\/p>\n\n\n\n<p>La informaci\u00f3n indica que, del total de vuelos cancelados en la franja de 24 horas comprendida por la medida,<strong>\u00a0216 corresponden a la red de cabotaje, 25 a rutas regionales y 17 a rutas internacionales de largo alcance.<\/strong><\/p>\n\n\n\n<h3 class=\"wp-block-heading\">Flybondi<\/h3>\n\n\n\n<p><strong>Flybondi<\/strong>&nbsp;inform\u00f3 que la empresa no adhiere a la medida de fuerza y desviar\u00e1 sus operaciones de Aeroparque a Ezeiza. \u201cLa aerol\u00ednea, que tiene autoprestaci\u00f3n del servicio de handling (asistencia en tierra a los aviones y a los pasajeros) concentrar\u00e1 en Ezeiza toda su operaci\u00f3n para los 51 vuelos programados y trasladar a m\u00e1s de 9000 pasajeros\u201d, detall\u00f3 en un comunicado.<\/p>\n\n\n\n<p>Las operaciones con m\u00e1s de cuatro horas de demora de su horario original podr\u00e1n cambiar la fecha sin costo adicional, agregaron.<\/p>\n\n\n\n<h3 class=\"wp-block-heading\">Latam<\/h3>\n\n\n\n<p>Por su parte\u00a0<strong>Latam Airlines<\/strong>\u00a0cancel\u00f3 todos los vuelos. La empresa que la mayor\u00eda de sus vuelos internacionales son a pa\u00edses vecinos ofreci\u00f3 dos alternativas para los pasajeros. Una es el cambio de fecha sin costo, adelantando el vuelo o reprogramando posterior a la salida del vuelo original. Y la otra alternativa es la devoluci\u00f3n sin costo de los pasajes.<\/p>\n\n\n\n<p>&#8220;Algunos vuelos podr\u00edan no ser cancelados sino operar con alguna alteraci\u00f3n en su horario y\/o fecha de vuelo. Es por ello que sugerimos a los pasajeros que confirmen el estado de su vuelo peri\u00f3dicamente a trav\u00e9s de la\u00a0p\u00e1gina web&#8221;,\u00a0agregaron desde la l\u00ednea a\u00e9rea.<\/p>\n\n\n\n<h3 class=\"wp-block-heading\">Amercian Airlnes<\/h3>\n\n\n\n<p>La aerol\u00ednea de bandera estadounidense&nbsp;<strong>American Airlines<\/strong>&nbsp;confirm\u00f3 su operaci\u00f3n desde Ezeiza sin cancelaciones ya que tiene su propio servicio de asistencia en tierra.<\/p>\n\n\n\n<h3 class=\"wp-block-heading\">JetSmart<\/h3>\n\n\n\n<p>Por su parte,\u00a0<strong>JetSMART\u00a0<\/strong>inform\u00f3 que, debido a las medidas gremiales se ven en la necesidad de \u201ccancelar todos los vuelos dom\u00e9sticos para ese d\u00eda. Al mismo tiempo, confirmamos la operaci\u00f3n de la totalidad de nuestros vuelos internacionales para esa misma fecha, con algunos ajustes y reprogramaciones, tanto de horario como de aeropuerto\u201d.<\/p>\n\n\n\n<p><strong>Fuente: www.diariouno.com.ar<\/strong><\/p>\n","protected":false},"excerpt":{"rendered":"<p>Este jueves los\u00a0gremios aeron\u00e1uticos\u00a0confirmaron que\u00a0adhirieron al paro\u00a0general que convoc\u00f3 la CGT, contra el gobierno de Javier Milei, lo que\u00a0afectar\u00e1 a\u00a0vuelos\u00a0nacionales e internacionales. Varias empresas ya definieron desv\u00edos, cancelaciones, reprogramaciones y hasta devoluciones tras la confirmaci\u00f3n que les lleg\u00f3 de los\u00a012 gremios\u00a0que nuclean a los trabajadores del sector aeron\u00e1utico que confirmaron su adhesi\u00f3n al\u00a0paro de la [&hellip;]<\/p>\n","protected":false},"author":2,"featured_media":12422,"comment_status":"open","ping_status":"open","sticky":false,"template":"","format":"standard","meta":[],"categories":[99],"tags":[],"_links":{"self":[{"href":"https:\/\/pasaenmendoza.com\/index.php?rest_route=\/wp\/v2\/posts\/12421"}],"collection":[{"href":"https:\/\/pasaenmendoza.com\/index.php?rest_route=\/wp\/v2\/posts"}],"about":[{"href":"https:\/\/pasaenmendoza.com\/index.php?rest_route=\/wp\/v2\/types\/post"}],"author":[{"embeddable":true,"href":"https:\/\/pasaenmendoza.com\/index.php?rest_route=\/wp\/v2\/users\/2"}],"replies":[{"embeddable":true,"href":"https:\/\/pasaenmendoza.com\/index.php?rest_route=%2Fwp%2Fv2%2Fcomments&post=12421"}],"version-history":[{"count":1,"href":"https:\/\/pasaenmendoza.com\/index.php?rest_route=\/wp\/v2\/posts\/12421\/revisions"}],"predecessor-version":[{"id":12423,"href":"https:\/\/pasaenmendoza.com\/index.php?rest_route=\/wp\/v2\/posts\/12421\/revisions\/12423"}],"wp:featuredmedia":[{"embeddable":true,"href":"https:\/\/pasaenmendoza.com\/index.php?rest_route=\/wp\/v2\/media\/12422"}],"wp:attachment":[{"href":"https:\/\/pasaenmendoza.com\/index.php?rest_route=%2Fwp%2Fv2%2Fmedia&parent=12421"}],"wp:term":[{"taxonomy":"category","embeddable":true,"href":"https:\/\/pasaenmendoza.com\/index.php?rest_route=%2Fwp%2Fv2%2Fcategories&post=12421"},{"taxonomy":"post_tag","embeddable":true,"href":"https:\/\/pasaenmendoza.com\/index.php?rest_route=%2Fwp%2Fv2%2Ftags&post=12421"}],"curies":[{"name":"wp","href":"https:\/\/api.w.org\/{rel}","templated":true}]}}