{"id":12424,"date":"2025-04-10T00:30:19","date_gmt":"2025-04-09T22:30:19","guid":{"rendered":"https:\/\/pasaenmendoza.com\/?p=12424"},"modified":"2025-04-10T00:30:20","modified_gmt":"2025-04-09T22:30:20","slug":"comerciantes-se-unieron-para-traer-productos-importados-que-compitan-con-los-precios-de-chile","status":"publish","type":"post","link":"https:\/\/pasaenmendoza.com\/?p=12424","title":{"rendered":"Comerciantes se unieron para traer productos importados que compitan con los precios de Chile"},"content":{"rendered":"\n<p>Con la mira puesta en los\u00a0<strong>tours de compras a Chile<\/strong>, que viene provocando una fuerte ca\u00edda en las ventas locales,\u00a0<strong>comerciantes\u00a0<\/strong>de\u00a0<strong>Mendoza\u00a0<\/strong>empezaron a unirse para formar un\u00a0<strong>pool de compras en el exterior<\/strong>. O sea, para traer productos importados que puedan competir en precios con los del vecino pa\u00eds.<\/p>\n\n\n\n<p>A su vez, la uni\u00f3n de\u00a0<strong>comerciantes<\/strong>\u00a0con esta finalidad tambi\u00e9n busca terminar con la venta ilegal de productos que se da en Mendoza mediante los\u00a0tours de compras a Chile, aunque en el \u00faltimo tiempo hayan bajado su injerencia en el mercado local.<\/p>\n\n\n\n<p>La iniciativa surgi\u00f3 en el seno de la C\u00e1mara Empresaria de Comercio, Industria, Turismo y Servicios de Mendoza (<strong>CECITyS<\/strong>), donde esta semana comenzaron con reuniones comerciales para avanzar en esta direcci\u00f3n de la importaci\u00f3n para combatir la crisis econ\u00f3mica que tiene en jaque a los\u00a0<strong>comercios de Mendoza<\/strong>.<\/p>\n\n\n\n<p>&#8220;La dif\u00edcil situaci\u00f3n que est\u00e1 teniendo el comercio en Mendoza nos llev\u00f3 a ofrecer esta propuesta&#8221;, explic\u00f3 Adri\u00e1n Al\u00edn, titular de la&nbsp;<strong>CECITys<\/strong>. Y apunt\u00f3: &#8220;Hoy las grandes empresas, las f\u00e1bricas empiezan a exportar; y los peque\u00f1os y medianos comercios no somos formadores de precios, por eso proponemos hacer un pool de&nbsp;<strong>compras&nbsp;<\/strong>en el exterior entre todos, ya que econ\u00f3micamente cada uno por su lado no podemos importar un contenedor&#8221;.<\/p>\n\n\n\n<p>De este modo, los&nbsp;<strong>comerciantes&nbsp;<\/strong>buscan unirse para hacer una consolidaci\u00f3n de&nbsp;<strong>compras&nbsp;<\/strong>en conjunto en pa\u00edses como Estados Unidos o China, que les permita bajar los costos y hacerse m\u00e1s competitivos en sus precios de venta al p\u00fablico.<\/p>\n\n\n\n<h2 class=\"wp-block-heading\">Comerciantes de San Juan y San Luis interesados en el pool de compras<\/h2>\n\n\n\n<p>Unos 30\u00a0<strong>comerciantes<\/strong>\u00a0de diferentes rubros\u00a0participaron en la primera charla que ofreci\u00f3 el\u00a0<strong>CECITys\u00a0<\/strong>en sus instalaciones, para interiorizarse acerca de esta propuesta. Completaron el cupo que dispone el lugar, por eso las autoridades de la c\u00e1mara de comercio planifica m\u00e1s reuniones.<\/p>\n\n\n\n<p>Incluso Adri\u00e1n Al\u00edn asegur\u00f3 que hay peque\u00f1os y medianos\u00a0<strong>comerciantes\u00a0<\/strong>de San Juan y San Luis que tambi\u00e9n quieren sumarse. &#8220;La verdad que vimos mucho inter\u00e9s, lo ven como una oportunidad cierta para salir adelante y poder competir con la mercader\u00eda que la gente trae sobre todo de Chile y la revende ac\u00e1&#8221;, sostuvo el titular de la\u00a0<strong>CECITyS<\/strong>.<\/p>\n\n\n\n<p>&#8220;Es una forma de abaratar costos, hay\u00a0<strong>comerciantes\u00a0<\/strong>de juguetes, de accesorios de celulares, textiles, hasta de insumos m\u00e9dicos que se van a unir para la importaci\u00f3n bajo esta modalidad&#8221;, anunci\u00f3 Al\u00edn, quien ve con esta iniciativa un intento de &#8220;desmitificar eso de que el\u00a0<strong>comerciante\u00a0<\/strong>peque\u00f1o no puede importar&#8221;.<\/p>\n\n\n\n<p>&#8220;Si se trabaja colectivamente, se bajan todos los costos y seremos m\u00e1s competitivos&#8221;, afirm\u00f3 el titular de la&nbsp;<strong>CECITyS<\/strong>.<\/p>\n\n\n\n<p>Y complet\u00f3 que de este modo los&nbsp;<strong>comercios de Mendoza<\/strong>&nbsp;comenzar\u00e1n a reactivarse con productos de afuera &#8220;que en solitario cada comerciante no puede adquirir, porque no llen\u00e1s f\u00e1cil un contenedor&#8221;, explic\u00f3 el representante de la peque\u00f1a y mediana empresa de comercio local.<\/p>\n\n\n\n<h2 class=\"wp-block-heading\">Presencia de comerciantes locales en ferias internacionales<\/h2>\n\n\n\n<p>Adri\u00e1n Al\u00edn adelant\u00f3 que due\u00f1os de comercios de Mendoza &#8220;ya se unieron, por ejemplo, para asistir a ferias internacionales de distintos productos y as\u00ed establecer contactos para luego aplicar esta modalidad de\u00a0<strong>importaciones<\/strong>.<\/p>\n\n\n\n<p>&#8220;Hay gente que va a ir a\u00a0la Feria de Canton, en China, donde hay\u00a0<strong>m\u00e1s de 25.000 stands<\/strong>, y que se hace la semana que viene&#8221;, anticip\u00f3 quien abre la perspectiva de este\u00a0<strong>pool de<\/strong>\u00a0<strong>compras\u00a0<\/strong>en el exterior como una alternativa concreta para enfrentar el cierre de locales comerciales ante la crisis.<\/p>\n\n\n\n<p>&#8220;Adem\u00e1s de las ferias que hasta octubre hay en distintas partes del mundo, tambi\u00e9n se puede\u00a0<strong>comprar por internet<\/strong>; la log\u00edstica est\u00e1 y sabemos que la uni\u00f3n hace la fuerza&#8221;, concluy\u00f3.<\/p>\n\n\n\n<p><strong>Fuente: www.diariouno.com.ar<\/strong><\/p>\n","protected":false},"excerpt":{"rendered":"<p>Con la mira puesta en los\u00a0tours de compras a Chile, que viene provocando una fuerte ca\u00edda en las ventas locales,\u00a0comerciantes\u00a0de\u00a0Mendoza\u00a0empezaron a unirse para formar un\u00a0pool de compras en el exterior. O sea, para traer productos importados que puedan competir en precios con los del vecino pa\u00eds. A su vez, la uni\u00f3n de\u00a0comerciantes\u00a0con esta finalidad tambi\u00e9n [&hellip;]<\/p>\n","protected":false},"author":2,"featured_media":12425,"comment_status":"open","ping_status":"open","sticky":false,"template":"","format":"standard","meta":[],"categories":[112],"tags":[],"_links":{"self":[{"href":"https:\/\/pasaenmendoza.com\/index.php?rest_route=\/wp\/v2\/posts\/12424"}],"collection":[{"href":"https:\/\/pasaenmendoza.com\/index.php?rest_route=\/wp\/v2\/posts"}],"about":[{"href":"https:\/\/pasaenmendoza.com\/index.php?rest_route=\/wp\/v2\/types\/post"}],"author":[{"embeddable":true,"href":"https:\/\/pasaenmendoza.com\/index.php?rest_route=\/wp\/v2\/users\/2"}],"replies":[{"embeddable":true,"href":"https:\/\/pasaenmendoza.com\/index.php?rest_route=%2Fwp%2Fv2%2Fcomments&post=12424"}],"version-history":[{"count":1,"href":"https:\/\/pasaenmendoza.com\/index.php?rest_route=\/wp\/v2\/posts\/12424\/revisions"}],"predecessor-version":[{"id":12426,"href":"https:\/\/pasaenmendoza.com\/index.php?rest_route=\/wp\/v2\/posts\/12424\/revisions\/12426"}],"wp:featuredmedia":[{"embeddable":true,"href":"https:\/\/pasaenmendoza.com\/index.php?rest_route=\/wp\/v2\/media\/12425"}],"wp:attachment":[{"href":"https:\/\/pasaenmendoza.com\/index.php?rest_route=%2Fwp%2Fv2%2Fmedia&parent=12424"}],"wp:term":[{"taxonomy":"category","embeddable":true,"href":"https:\/\/pasaenmendoza.com\/index.php?rest_route=%2Fwp%2Fv2%2Fcategories&post=12424"},{"taxonomy":"post_tag","embeddable":true,"href":"https:\/\/pasaenmendoza.com\/index.php?rest_route=%2Fwp%2Fv2%2Ftags&post=12424"}],"curies":[{"name":"wp","href":"https:\/\/api.w.org\/{rel}","templated":true}]}}