{"id":12427,"date":"2025-04-10T15:32:02","date_gmt":"2025-04-10T13:32:02","guid":{"rendered":"https:\/\/pasaenmendoza.com\/?p=12427"},"modified":"2025-04-10T15:32:03","modified_gmt":"2025-04-10T13:32:03","slug":"el-tiempo-en-mendoza-inestable-con-tormentas-y-alerta-por-zonda","status":"publish","type":"post","link":"https:\/\/pasaenmendoza.com\/?p=12427","title":{"rendered":"El tiempo en Mendoza: inestable, con tormentas y alerta por Zonda"},"content":{"rendered":"\n<p>El&nbsp;<strong>jueves<\/strong>&nbsp;arranca con inestabilidad y nubosidad variables. Adem\u00e1s, se prev\u00e9n t<strong>ormentas hacia la noche<\/strong>&nbsp;y vientos leves del noreste.&nbsp;<strong>La m\u00ednima ser\u00e1 de 14 grados y la m\u00e1xima de 25.<\/strong><\/p>\n\n\n\n<p>Adem\u00e1s, el Servicio Meteorol\u00f3gico Nacional (SMN) emiti\u00f3 un\u00a0<strong>alerta por Zonda<\/strong>. El fen\u00f3meno afectar\u00e1, principalmente, al departamento de Malarg\u00fce.<\/p>\n\n\n\n<p>Para el&nbsp;<strong>viernes<\/strong>, la Direcci\u00f3n de Contingencias Clim\u00e1ticas indica: \u201cMayormente nublado e inestable con tormentas aisladas, vientos moderados del sector sur\u201d.&nbsp;<strong>La m\u00ednima ser\u00e1 de 12 grados y la m\u00e1xima de 20.<\/strong><\/p>\n\n\n\n<p>En tanto, para el<strong>\u00a0s\u00e1bado<\/strong>\u00a0se prev\u00e9: \u201cParcial nublado a poco nuboso con poco cambio de la temperatura, vientos leves del noreste. Mejoran las condiciones meteorol\u00f3gicas\u201d.\u00a0<strong>La m\u00ednima ser\u00e1 de 9 grados y la m\u00e1xima de 21.<\/strong><\/p>\n\n\n\n<p><strong>Fuente: www.elsol.com.ar<\/strong><\/p>\n","protected":false},"excerpt":{"rendered":"<p>El&nbsp;jueves&nbsp;arranca con inestabilidad y nubosidad variables. Adem\u00e1s, se prev\u00e9n tormentas hacia la noche&nbsp;y vientos leves del noreste.&nbsp;La m\u00ednima ser\u00e1 de 14 grados y la m\u00e1xima de 25. Adem\u00e1s, el Servicio Meteorol\u00f3gico Nacional (SMN) emiti\u00f3 un\u00a0alerta por Zonda. El fen\u00f3meno afectar\u00e1, principalmente, al departamento de Malarg\u00fce. Para el&nbsp;viernes, la Direcci\u00f3n de Contingencias Clim\u00e1ticas indica: \u201cMayormente nublado [&hellip;]<\/p>\n","protected":false},"author":2,"featured_media":12428,"comment_status":"open","ping_status":"open","sticky":false,"template":"","format":"standard","meta":[],"categories":[52],"tags":[],"_links":{"self":[{"href":"https:\/\/pasaenmendoza.com\/index.php?rest_route=\/wp\/v2\/posts\/12427"}],"collection":[{"href":"https:\/\/pasaenmendoza.com\/index.php?rest_route=\/wp\/v2\/posts"}],"about":[{"href":"https:\/\/pasaenmendoza.com\/index.php?rest_route=\/wp\/v2\/types\/post"}],"author":[{"embeddable":true,"href":"https:\/\/pasaenmendoza.com\/index.php?rest_route=\/wp\/v2\/users\/2"}],"replies":[{"embeddable":true,"href":"https:\/\/pasaenmendoza.com\/index.php?rest_route=%2Fwp%2Fv2%2Fcomments&post=12427"}],"version-history":[{"count":1,"href":"https:\/\/pasaenmendoza.com\/index.php?rest_route=\/wp\/v2\/posts\/12427\/revisions"}],"predecessor-version":[{"id":12429,"href":"https:\/\/pasaenmendoza.com\/index.php?rest_route=\/wp\/v2\/posts\/12427\/revisions\/12429"}],"wp:featuredmedia":[{"embeddable":true,"href":"https:\/\/pasaenmendoza.com\/index.php?rest_route=\/wp\/v2\/media\/12428"}],"wp:attachment":[{"href":"https:\/\/pasaenmendoza.com\/index.php?rest_route=%2Fwp%2Fv2%2Fmedia&parent=12427"}],"wp:term":[{"taxonomy":"category","embeddable":true,"href":"https:\/\/pasaenmendoza.com\/index.php?rest_route=%2Fwp%2Fv2%2Fcategories&post=12427"},{"taxonomy":"post_tag","embeddable":true,"href":"https:\/\/pasaenmendoza.com\/index.php?rest_route=%2Fwp%2Fv2%2Ftags&post=12427"}],"curies":[{"name":"wp","href":"https:\/\/api.w.org\/{rel}","templated":true}]}}